{"id":2710,"date":"2025-09-16T17:26:38","date_gmt":"2025-09-16T20:26:38","guid":{"rendered":"https:\/\/cooperativaredloslagos.cl\/?p=2710"},"modified":"2025-09-16T17:26:38","modified_gmt":"2025-09-16T20:26:38","slug":"codelco-y-anglo-american-ratifican-acuerdo-para-explotar-minas-andina-y-los-bronces","status":"publish","type":"post","link":"https:\/\/cooperativaredloslagos.cl\/2025\/09\/16\/codelco-y-anglo-american-ratifican-acuerdo-para-explotar-minas-andina-y-los-bronces\/","title":{"rendered":"Codelco y Anglo American ratifican acuerdo para explotar minas Andina y Los Bronces"},"content":{"rendered":"<p>Codelco anunci\u00f3 este martes 16 de septiembre la firma, junto a Anglo American, del <strong>acuerdo definitivo para implementar un Plan Minero Conjunto en las operaciones de cobre Andina y Los Bronces<\/strong>, comprometido en el\u00a0<a href=\"https:\/\/www.cooperativa.cl\/noticias\/economia\/sectores-productivos\/mineria\/codelco-acordo-con-anglo-american-una-explotacion-conjunta-de-las-minas\/2025-02-20\/105516.html\" target=\"_blank\" rel=\"noopener\">Memorando de Entendimiento emitido en febrero pasado<\/a>.<\/p>\n<p><a href=\"https:\/\/www.codelco.com\/prensa\/2025\/codelco-y-anglo-american-firman-acuerdo-definitivo-para-implementar-plan\" target=\"_blank\" rel=\"noopener\">El comunicado de la estatal<\/a>\u00a0detalla que, de este modo, se liberar\u00e1 una \u00ab<strong>producci\u00f3n adicional de 2,7 millones de toneladas de cobre durante un per\u00edodo de 21 a\u00f1os<\/strong>, una vez que se obtengan los permisos pertinentes, actualmente previstos para 2030&#8243;.<\/p>\n<p>\u00abSe espera<strong>\u00a0una producci\u00f3n adicional de cobre de aproximadamente 120.000 toneladas por a\u00f1o<\/strong>, con costos unitarios aproximadamente 15% m\u00e1s bajos en comparaci\u00f3n con las operaciones independientes y con un gasto de capital adicional m\u00ednimo\u00bb, y que el acuerdo tambi\u00e9n genere un \u00ab<strong>aumento del valor actual neto antes de impuestos de, al menos, 5.000 millones de d\u00f3lares<\/strong>, a repartir equitativamente entre ambas compa\u00f1\u00edas\u00bb.<\/p>\n<p>Seg\u00fan Codelco,\u00a0<strong>si se ajusta por las 120.000 toneladas adicionales por a\u00f1o<\/strong>\u00a0que proyectan recibir desde el 2030 en adelante, la producci\u00f3n combinada de Andina y Los Bronces se posicionar\u00eda entre las\u00a0<strong>cinco primeras minas de cobre a nivel mundial<\/strong>.<\/p>\n<h2><em><strong>\u00abUn acuerdo esperado durante a\u00f1os\u00bb<\/strong><\/em><\/h2>\n<p>El\u00a0<strong>presidente del directorio de la estatal, M\u00e1ximo Pacheco<\/strong>, apunt\u00f3 que \u00absomos empresas confiables y cumplimos los compromisos adquiridos.\u00a0<strong>En s\u00f3lo ocho meses, plasmamos en un documento final el Plan Minero Conjunto<\/strong>\u00a0que anunciamos en febrero\u00bb.<\/p>\n<p>\u00abDe este proceso, valoro que se haya escuchado la voz de los trabajadores, as\u00ed como el intenso trabajo, las grandes capacidades y el enorme profesionalismo de nuestros equipos, que lograron conciliar un acuerdo esperado durante a\u00f1os. Ahora podremos\u00a0<strong>maximizar el potencial del distrito minero sin grandes inversiones y con un retorno much\u00edsimo mayor<\/strong>\u00ab, celebr\u00f3 el exministro.<\/p>\n<p>Pacheco agreg\u00f3 que \u00abesta colaboraci\u00f3n para una miner\u00eda sostenible nos permitir\u00e1, adem\u00e1s, satisfacer la\u00a0<strong>urgente necesidad de m\u00e1s minerales cr\u00edticos para la transici\u00f3n energ\u00e9tica<\/strong>, en un mundo en el que, hasta ahora, la producci\u00f3n de cobre est\u00e1 estancada\u00bb.<\/p>\n<p>\u00abJuntos estamos liberando\u00a0<strong>todo el potencial de valor de estos activos vecinos y de una de las principales dotaciones de recursos de cobre<\/strong>\u00a0del mundo, en beneficio de todos los grupos de inter\u00e9s y, por supuesto, de Chile\u00bb, complement\u00f3\u00a0<strong>Duncan Wanblad, CEO del Grupo Anglo American<\/strong>.<\/p>\n<h2><em><strong>Los detalles del compromiso<\/strong><\/em><\/h2>\n<p>El comunicado de Codelco apunta que el acuerdo contempla la\u00a0<strong>creaci\u00f3n de una nueva empresa operadora, de propiedad conjunta y control compartido<\/strong>\u00a0entre ambas firmas, que coordinar\u00e1 la ejecuci\u00f3n del Plan Minero Conjunto y optimizar\u00e1 la capacidad de procesamiento del mentado distrito minero.<\/p>\n<p>\u00ab<strong>La producci\u00f3n de cobre y los beneficios econ\u00f3micos<\/strong>\u00a0generados bajo el Plan \u2014as\u00ed como los costos y responsabilidades asociados\u2014\u00a0<strong>se compartir\u00e1n equitativamente<\/strong>\u00a0entre ambas empresas. Cada parte conservar\u00e1 la propiedad total de sus respectivos activos (incluidas las concesiones mineras, plantas e infraestructura auxiliar) y continuar\u00e1 explotando sus concesiones por separado\u00bb, precisa el escrito.<\/p>\n<p><strong>Entre los lineamientos fijados para guiar la implementaci\u00f3n<\/strong>\u00a0del Plan Minero Conjunto, Codelco resalta los \u00ab<strong>principios de sostenibilidad<\/strong>\u00a0que protegen tanto los programas sociales como el cumplimiento de los compromisos medioambientales existentes\u00bb.<\/p>\n<p>\u00ab<strong>Las partes iniciar\u00e1n un periodo de preparaci\u00f3n<\/strong>\u00a0para integrar los flujos de trabajo, alinear el modelo operacional y nombrar a los ejecutivos claves de la nueva empresa operadora. Como parte de los pr\u00f3ximos pasos, tambi\u00e9n\u00a0<strong>comenzar\u00e1n a dise\u00f1ar los permisos medioambientales para su presentaci\u00f3n<\/strong>\u00ab, cierra el comunicado.<\/p>\n<h2><em><strong>Gobierno resalta la \u00abconfianza\u00bb internacional en Chile<\/strong><\/em><\/h2>\n<p>En el marco de este hito,\u00a0<strong>el CEO de Anglo American fue recibido por el Presidente Gabriel Boric en el Palacio de La Moneda<\/strong>\u00a0esta ma\u00f1ana, encuentro en el que tambi\u00e9n participaron la\u00a0<strong>ministra de Miner\u00eda, Aurora Williams<\/strong>, y el l\u00edder de Codelco.<\/p>\n<p>Para la secretaria de Estado, este acuerdo\u00a0<strong>\u00abrefleja la confianza que existe respecto de nuestro pa\u00eds\u00bb<\/strong>, pero tambi\u00e9n lo consider\u00f3\u00a0<strong>\u00abun reconocimiento pleno a la miner\u00eda p\u00fablica\u00bb<\/strong>.<\/p>\n<p>\u00abEstamos hablando de operadores globales -tanto Codelco como Anglo- que se asocian para desarrollar un proyecto que, adem\u00e1s, tiene un desaf\u00edo ingeneril importante, que est\u00e1 a la altura del talento humano que ambas empresas tienen, y que va a permitir\u00a0<strong>abordar este proyecto que, por varios a\u00f1os, ten\u00edamos la aspiraci\u00f3n de poder lograr<\/strong>\u00ab, plante\u00f3 Williams.<\/p>\n<p>Finalmente,\u00a0<strong>Pacheco<\/strong>\u00a0reiter\u00f3 que \u00abeste acuerdo ha sido una aspiraci\u00f3n de d\u00e9cadas para Codelco. Es un\u00a0<strong>cambio en el paradigma de c\u00f3mo se hace miner\u00eda<\/strong>, que se puede hacer de manera colaborativa. Hemos sido vecinos con Anglo American en Los Bronces, con Andina, por ya muchos a\u00f1os, pero desde hace 15 a\u00f1os que esperamos que llegara este momento\u00bb.<\/p>\n","protected":false},"excerpt":{"rendered":"<p>Codelco anunci\u00f3 este martes 16 de septiembre la firma, junto a Anglo American, del acuerdo definitivo para implementar un Plan Minero Conjunto en las operaciones [&hellip;]<\/p>\n","protected":false},"author":1,"featured_media":2711,"comment_status":"closed","ping_status":"closed","sticky":false,"template":"","format":"standard","meta":{"_monsterinsights_skip_tracking":false,"_monsterinsights_sitenote_active":false,"_monsterinsights_sitenote_note":"","_monsterinsights_sitenote_category":0,"footnotes":""},"categories":[3],"tags":[],"class_list":["post-2710","post","type-post","status-publish","format-standard","has-post-thumbnail","hentry","category-economy"],"_links":{"self":[{"href":"https:\/\/cooperativaredloslagos.cl\/wp-json\/wp\/v2\/posts\/2710","targetHints":{"allow":["GET"]}}],"collection":[{"href":"https:\/\/cooperativaredloslagos.cl\/wp-json\/wp\/v2\/posts"}],"about":[{"href":"https:\/\/cooperativaredloslagos.cl\/wp-json\/wp\/v2\/types\/post"}],"author":[{"embeddable":true,"href":"https:\/\/cooperativaredloslagos.cl\/wp-json\/wp\/v2\/users\/1"}],"replies":[{"embeddable":true,"href":"https:\/\/cooperativaredloslagos.cl\/wp-json\/wp\/v2\/comments?post=2710"}],"version-history":[{"count":1,"href":"https:\/\/cooperativaredloslagos.cl\/wp-json\/wp\/v2\/posts\/2710\/revisions"}],"predecessor-version":[{"id":2712,"href":"https:\/\/cooperativaredloslagos.cl\/wp-json\/wp\/v2\/posts\/2710\/revisions\/2712"}],"wp:featuredmedia":[{"embeddable":true,"href":"https:\/\/cooperativaredloslagos.cl\/wp-json\/wp\/v2\/media\/2711"}],"wp:attachment":[{"href":"https:\/\/cooperativaredloslagos.cl\/wp-json\/wp\/v2\/media?parent=2710"}],"wp:term":[{"taxonomy":"category","embeddable":true,"href":"https:\/\/cooperativaredloslagos.cl\/wp-json\/wp\/v2\/categories?post=2710"},{"taxonomy":"post_tag","embeddable":true,"href":"https:\/\/cooperativaredloslagos.cl\/wp-json\/wp\/v2\/tags?post=2710"}],"curies":[{"name":"wp","href":"https:\/\/api.w.org\/{rel}","templated":true}]}}