{"id":2714,"date":"2025-09-16T17:36:00","date_gmt":"2025-09-16T20:36:00","guid":{"rendered":"https:\/\/cooperativaredloslagos.cl\/?p=2714"},"modified":"2025-09-16T17:36:00","modified_gmt":"2025-09-16T20:36:00","slug":"chile-inaugura-su-primer-centro-espacial-y-presenta-a-stelarbot-como-guia","status":"publish","type":"post","link":"https:\/\/cooperativaredloslagos.cl\/2025\/09\/16\/chile-inaugura-su-primer-centro-espacial-y-presenta-a-stelarbot-como-guia\/","title":{"rendered":"Chile inaugura su primer Centro Espacial y presenta a Stelarbot como gu\u00eda"},"content":{"rendered":"<p data-start=\"182\" data-end=\"532\">En diciembre abrir\u00e1 sus puertas el <strong data-start=\"232\" data-end=\"282\">primer Centro Espacial Nacional (CEN) de Chile<\/strong>, ubicado en la comuna de Cerrillos, Regi\u00f3n Metropolitana, y contar\u00e1 con un anfitri\u00f3n muy especial: <strong data-start=\"382\" data-end=\"395\">Stelarbot<\/strong>, un robot desarrollado por la <strong data-start=\"426\" data-end=\"461\">Universidad de Santiago (Usach)<\/strong> en alianza con la <strong data-start=\"480\" data-end=\"512\">Fuerza A\u00e9rea de Chile (FACh)<\/strong> y la <strong data-start=\"518\" data-end=\"529\">Telet\u00f3n<\/strong>.<\/p>\n<p data-start=\"534\" data-end=\"842\">El dispositivo recorrer\u00e1 el hall del CEN acompa\u00f1ando a los visitantes, quienes podr\u00e1n <strong data-start=\"620\" data-end=\"655\">interactuar y hacerle preguntas<\/strong>. Una de sus principales innovaciones es la <strong data-start=\"699\" data-end=\"712\">inclusi\u00f3n<\/strong>, ya que podr\u00e1 ser operado a distancia por personas con discapacidad, permiti\u00e9ndoles desempe\u00f1arse como gu\u00edas remotos del centro.<\/p>\n<p data-start=\"844\" data-end=\"1140\">Seg\u00fan la FACh, Stelarbot \u201cbusca ser una soluci\u00f3n efectiva al permitir que personas con movilidad reducida puedan operar como gu\u00edas remotos del CEN\u201d. El robot contar\u00e1 adem\u00e1s con un procesador independiente que le dar\u00e1 <strong data-start=\"1061\" data-end=\"1088\">autonom\u00eda de movimiento<\/strong>, sin necesidad de estar conectado a la corriente.<\/p>\n<h3 data-start=\"1142\" data-end=\"1179\">Un centro pionero en Sudam\u00e9rica<\/h3>\n<p data-start=\"1180\" data-end=\"1477\">El <strong data-start=\"1183\" data-end=\"1211\">Centro Espacial Nacional<\/strong> ser\u00e1 la primera instalaci\u00f3n de este tipo en Sudam\u00e9rica, con una infraestructura de <strong data-start=\"1295\" data-end=\"1321\">5.800 metros cuadrados<\/strong>. Entre sus espacios se incluyen un laboratorio de <strong data-start=\"1372\" data-end=\"1396\">800 metros cuadrados<\/strong>, salas para el desarrollo de tecnolog\u00eda espacial y equipamiento de alto nivel.<\/p>\n<p data-start=\"1479\" data-end=\"1667\">El CEN tiene como misi\u00f3n principal <strong data-start=\"1514\" data-end=\"1558\">consolidar el Sistema Nacional Satelital<\/strong>, adem\u00e1s de impulsar la investigaci\u00f3n, la innovaci\u00f3n y el desarrollo tecnol\u00f3gico en el \u00e1mbito aeroespacial.<\/p>\n<p data-start=\"1669\" data-end=\"2149\">Lorena Delgado, directora del <strong data-start=\"1699\" data-end=\"1804\">Laboratorio de Emprendimiento e Innovaci\u00f3n del Departamento de Ingenier\u00eda Industrial (LEIND) de Usach<\/strong>, destac\u00f3 la relevancia de esta obra:<br data-start=\"1841\" data-end=\"1844\" \/><em data-start=\"1844\" data-end=\"2138\">\u201cSer\u00e1 un polo de innovaci\u00f3n y de tecnolog\u00eda muy relevante en la regi\u00f3n. Adem\u00e1s, es el primer centro que se construye en Sudam\u00e9rica y en Chile. Nos parece fundamental que est\u00e9 abierto a la sociedad, porque permitir\u00e1 que todos tengan acceso a conocer proyectos de frontera y de alta tecnolog\u00eda\u201d<\/em>, se\u00f1al\u00f3.<\/p>\n<p data-start=\"2151\" data-end=\"2335\">Con la incorporaci\u00f3n de <strong data-start=\"2175\" data-end=\"2188\">Stelarbot<\/strong>, el CEN se prepara para recibir a sus primeros visitantes y posicionarse como un referente latinoamericano en exploraci\u00f3n y desarrollo espacial.<\/p>\n","protected":false},"excerpt":{"rendered":"<p>En diciembre abrir\u00e1 sus puertas el primer Centro Espacial Nacional (CEN) de Chile, ubicado en la comuna de Cerrillos, Regi\u00f3n Metropolitana, y contar\u00e1 con un [&hellip;]<\/p>\n","protected":false},"author":1,"featured_media":2715,"comment_status":"closed","ping_status":"closed","sticky":false,"template":"","format":"standard","meta":{"_monsterinsights_skip_tracking":false,"_monsterinsights_sitenote_active":false,"_monsterinsights_sitenote_note":"","_monsterinsights_sitenote_category":0,"footnotes":""},"categories":[8],"tags":[],"class_list":["post-2714","post","type-post","status-publish","format-standard","has-post-thumbnail","hentry","category-technology"],"_links":{"self":[{"href":"https:\/\/cooperativaredloslagos.cl\/wp-json\/wp\/v2\/posts\/2714","targetHints":{"allow":["GET"]}}],"collection":[{"href":"https:\/\/cooperativaredloslagos.cl\/wp-json\/wp\/v2\/posts"}],"about":[{"href":"https:\/\/cooperativaredloslagos.cl\/wp-json\/wp\/v2\/types\/post"}],"author":[{"embeddable":true,"href":"https:\/\/cooperativaredloslagos.cl\/wp-json\/wp\/v2\/users\/1"}],"replies":[{"embeddable":true,"href":"https:\/\/cooperativaredloslagos.cl\/wp-json\/wp\/v2\/comments?post=2714"}],"version-history":[{"count":1,"href":"https:\/\/cooperativaredloslagos.cl\/wp-json\/wp\/v2\/posts\/2714\/revisions"}],"predecessor-version":[{"id":2716,"href":"https:\/\/cooperativaredloslagos.cl\/wp-json\/wp\/v2\/posts\/2714\/revisions\/2716"}],"wp:featuredmedia":[{"embeddable":true,"href":"https:\/\/cooperativaredloslagos.cl\/wp-json\/wp\/v2\/media\/2715"}],"wp:attachment":[{"href":"https:\/\/cooperativaredloslagos.cl\/wp-json\/wp\/v2\/media?parent=2714"}],"wp:term":[{"taxonomy":"category","embeddable":true,"href":"https:\/\/cooperativaredloslagos.cl\/wp-json\/wp\/v2\/categories?post=2714"},{"taxonomy":"post_tag","embeddable":true,"href":"https:\/\/cooperativaredloslagos.cl\/wp-json\/wp\/v2\/tags?post=2714"}],"curies":[{"name":"wp","href":"https:\/\/api.w.org\/{rel}","templated":true}]}}