{"id":2754,"date":"2025-09-24T12:28:28","date_gmt":"2025-09-24T15:28:28","guid":{"rendered":"https:\/\/cooperativaredloslagos.cl\/?p=2754"},"modified":"2025-09-24T12:28:28","modified_gmt":"2025-09-24T15:28:28","slug":"ex-mayor-de-carabineros-soledad-escobar-asume-como-nueva-directora-de-seguridad-publica-en-puerto-montt","status":"publish","type":"post","link":"https:\/\/cooperativaredloslagos.cl\/2025\/09\/24\/ex-mayor-de-carabineros-soledad-escobar-asume-como-nueva-directora-de-seguridad-publica-en-puerto-montt\/","title":{"rendered":"Ex mayor de Carabineros Soledad Escobar asume como nueva directora de Seguridad P\u00fablica en Puerto Montt"},"content":{"rendered":"<p data-start=\"235\" data-end=\"513\"><strong data-start=\"235\" data-end=\"511\">La Municipalidad de Puerto Montt present\u00f3 este martes a Soledad Elena Escobar Gajardo como nueva directora de Seguridad P\u00fablica. Con m\u00e1s de 20 a\u00f1os de servicio en Carabineros y una destacada trayectoria en la ciudad, Escobar asume el cargo tras la salida de Andr\u00e9s Canelo.<\/strong><\/p>\n<p data-start=\"515\" data-end=\"721\">La mayor en retiro de Carabineros de Chile, Soledad Escobar, fue presentada oficialmente por el alcalde Rodrigo Wainraihgt como la nueva directora de Seguridad P\u00fablica de la Municipalidad de Puerto Montt.<\/p>\n<p data-start=\"723\" data-end=\"965\">Lo anterior ocurre tras la sorpresiva salida del ex jefe regional de la PDI, Andr\u00e9s Canelo, quien dej\u00f3 el cargo luego del nombramiento de su hijastra en un puesto de su directa dependencia, situaci\u00f3n que deriv\u00f3 en un sumario administrativo.<\/p>\n<p data-start=\"967\" data-end=\"1497\">Respecto a la nueva directora, el alcalde destac\u00f3 que \u201cella fue carabinero, mayor, comisario, se desarroll\u00f3 en una serie de lugares de nuestra ciudad y para m\u00ed como alcalde es importante, primero, que conozca el territorio, que sea operativa, y s\u00e9 de su gran desempe\u00f1o y trayectoria. Adem\u00e1s estudi\u00f3 en Puerto Montt, en el Liceo Comercial. Hoy las mujeres est\u00e1n ocupando lugares muy importantes, que es lo que yo tambi\u00e9n quiero potenciar desde la municipalidad, y por eso me enorgullece que este cargo sea ocupado por una mujer\u201d.<\/p>\n<p data-start=\"1499\" data-end=\"1814\">El jefe comunal tambi\u00e9n remarc\u00f3 que sus principales responsabilidades ser\u00e1n mantener la aplicaci\u00f3n del per\u00edmetro de exclusi\u00f3n del comercio ambulante en el centro, responder a las necesidades de los vecinos en los distintos barrios y liderar el trabajo cuando se concrete el futuro servicio de patrullaje licitado.<\/p>\n<p data-start=\"1816\" data-end=\"2110\">\u201cMuchas veces estos son cargos pol\u00edticos y nosotros hemos querido hacer todo lo contrario, que sea una ex carabinera, que conozca el territorio, que haya trabajado en Puerto Montt. Le damos la bienvenida a Soledad y le deseamos todo el \u00e9xito en el camino que va a asumir\u201d, coment\u00f3 Wainraihgt.<\/p>\n<p data-start=\"2112\" data-end=\"2407\">Con m\u00e1s de 20 a\u00f1os de servicio en la instituci\u00f3n policial, Soledad Escobar fue comisario de la S\u00e9ptima Comisar\u00eda Mirasol, subcomisario de la Subcomisar\u00eda Reloncav\u00ed y subcomisario de los servicios de la Segunda Comisar\u00eda de Puerto Montt. Adem\u00e1s, se desempe\u00f1\u00f3 como jefa de Inteligencia en Ays\u00e9n.<\/p>\n<p data-start=\"2409\" data-end=\"2641\">Es periodista, administradora en Seguridad P\u00fablica y diplomada en An\u00e1lisis de Inteligencia Comunicacional. Nacida en Futaleuf\u00fa y formada en el Liceo Comercial de Puerto Montt, ahora asume este nuevo desaf\u00edo en la capital regional.<\/p>\n<p data-start=\"2643\" data-end=\"3230\">\u201cEstoy muy contenta del desaf\u00edo que se ha propuesto desempe\u00f1ar, y muy entusiasta de poder desplegar las iniciativas y proyectos que est\u00e1 haciendo la Municipalidad en t\u00e9rminos de poder llevar a mi comuna, porque me siento puertomontina, a ser m\u00e1s limpia, segura y ordenada. Vamos a trabajar fuertemente en eso y aprovecho la instancia para pedirles a los vecinos que sigamos trabajando juntos. Voy a estar en terreno, me van a estar viendo as\u00ed que vamos a tener la oportunidad de conversar, escuchar sus requerimientos, y poder hacer lo mejor posible desde esta vereda\u201d, se\u00f1al\u00f3 Escobar.<\/p>\n<p data-start=\"3232\" data-end=\"3573\">La nueva directora subray\u00f3 que su sello ser\u00e1 \u201cestar con las personas, sentir sus requerimientos y tratar de abordarlos en coordinaci\u00f3n con las instituciones encargadas de la seguridad p\u00fablica. La Municipalidad no tiene la responsabilidad legal, pero s\u00ed somos coayudantes, y en esa cooperaci\u00f3n institucional es donde va a estar el \u00e9nfasis\u201d.<\/p>\n","protected":false},"excerpt":{"rendered":"<p>La Municipalidad de Puerto Montt present\u00f3 este martes a Soledad Elena Escobar Gajardo como nueva directora de Seguridad P\u00fablica. Con m\u00e1s de 20 a\u00f1os de [&hellip;]<\/p>\n","protected":false},"author":1,"featured_media":2755,"comment_status":"closed","ping_status":"closed","sticky":false,"template":"","format":"standard","meta":{"_monsterinsights_skip_tracking":false,"_monsterinsights_sitenote_active":false,"_monsterinsights_sitenote_note":"","_monsterinsights_sitenote_category":0,"footnotes":""},"categories":[6,17,15],"tags":[],"class_list":["post-2754","post","type-post","status-publish","format-standard","has-post-thumbnail","hentry","category-politics","category-puerto-montt","category-regional"],"_links":{"self":[{"href":"https:\/\/cooperativaredloslagos.cl\/wp-json\/wp\/v2\/posts\/2754","targetHints":{"allow":["GET"]}}],"collection":[{"href":"https:\/\/cooperativaredloslagos.cl\/wp-json\/wp\/v2\/posts"}],"about":[{"href":"https:\/\/cooperativaredloslagos.cl\/wp-json\/wp\/v2\/types\/post"}],"author":[{"embeddable":true,"href":"https:\/\/cooperativaredloslagos.cl\/wp-json\/wp\/v2\/users\/1"}],"replies":[{"embeddable":true,"href":"https:\/\/cooperativaredloslagos.cl\/wp-json\/wp\/v2\/comments?post=2754"}],"version-history":[{"count":1,"href":"https:\/\/cooperativaredloslagos.cl\/wp-json\/wp\/v2\/posts\/2754\/revisions"}],"predecessor-version":[{"id":2756,"href":"https:\/\/cooperativaredloslagos.cl\/wp-json\/wp\/v2\/posts\/2754\/revisions\/2756"}],"wp:featuredmedia":[{"embeddable":true,"href":"https:\/\/cooperativaredloslagos.cl\/wp-json\/wp\/v2\/media\/2755"}],"wp:attachment":[{"href":"https:\/\/cooperativaredloslagos.cl\/wp-json\/wp\/v2\/media?parent=2754"}],"wp:term":[{"taxonomy":"category","embeddable":true,"href":"https:\/\/cooperativaredloslagos.cl\/wp-json\/wp\/v2\/categories?post=2754"},{"taxonomy":"post_tag","embeddable":true,"href":"https:\/\/cooperativaredloslagos.cl\/wp-json\/wp\/v2\/tags?post=2754"}],"curies":[{"name":"wp","href":"https:\/\/api.w.org\/{rel}","templated":true}]}}