{"id":2759,"date":"2025-09-24T16:25:20","date_gmt":"2025-09-24T19:25:20","guid":{"rendered":"https:\/\/cooperativaredloslagos.cl\/?p=2759"},"modified":"2025-09-24T16:25:20","modified_gmt":"2025-09-24T19:25:20","slug":"jeannette-jara-desdramatiza-criticas-por-retraso-en-la-entrega-de-su-programa-de-gobierno","status":"publish","type":"post","link":"https:\/\/cooperativaredloslagos.cl\/2025\/09\/24\/jeannette-jara-desdramatiza-criticas-por-retraso-en-la-entrega-de-su-programa-de-gobierno\/","title":{"rendered":"Jeannette Jara desdramatiza cr\u00edticas por retraso en la entrega de su programa de gobierno"},"content":{"rendered":"<p data-start=\"213\" data-end=\"395\">La candidata del oficialismo y la Democracia Cristiana relev\u00f3 que el programa se propuso una \u00abmisi\u00f3n muy ambiciosa, que es levantar propuestas program\u00e1ticas desde los territorios\u00bb.<\/p>\n<p data-start=\"397\" data-end=\"502\">Distintas cr\u00edticas han surgido por la demora en la entrega del programa presidencial de Jeannette Jara.<\/p>\n<p data-start=\"504\" data-end=\"784\">Si bien la entrega estaba comprometida para mediados de septiembre, luego se movi\u00f3 para los \u00faltimos d\u00edas del mes. Pero ahora se puso como plazo m\u00e1ximo los primeros d\u00edas de octubre. La candidata no quiso precisar la fecha exacta, pero afirm\u00f3 que ser\u00e1 durante los \u201cpr\u00f3ximos d\u00edas\u201d.<\/p>\n<p data-start=\"786\" data-end=\"873\">De todos modos, los cuestionamientos han surgido incluso desde el propio oficialismo.<\/p>\n<p data-start=\"875\" data-end=\"1042\">El senador Jos\u00e9 Miguel Insulza dijo en CNN Prime que el programa ha demorado y que le interesa saber qu\u00e9 contendr\u00e1 en materia internacional: \u201cYo ya esperar\u00eda verlo\u201d.<\/p>\n<p data-start=\"1044\" data-end=\"1321\">Otro de quienes ha expresado sus aprehensiones es el senador y presidente de la Democracia Cristiana, Francisco Huenchumilla. El parlamentario critic\u00f3 que en la gira nacional de Jara hubo una convocatoria de \u201cbarras bravas\u201d m\u00e1s que de personas m\u00e1s alejadas de la candidatura.<\/p>\n<p data-start=\"1323\" data-end=\"1474\">El diputado DC y miembro del comando, Eric Aedo, sali\u00f3 al paso de las cr\u00edticas y respondi\u00f3 que la candidata ya ha dado las explicaciones pertinentes.<\/p>\n<p data-start=\"1476\" data-end=\"1754\">\u201cLa propia candidata ha dado respuesta a las inquietudes del presidente de la Democracia Cristiana, y las respuestas han sido muy concretas. Este es un programa que se ha levantado recorriendo el pa\u00eds, escuchando a los chilenos y chilenas en los lugares donde viven\u201d, asegur\u00f3.<\/p>\n<p data-start=\"1756\" data-end=\"2099\">En esa l\u00ednea, remarc\u00f3 que el programa estar\u00e1 listo \u201cen los primeros d\u00edas de octubre, como se hab\u00eda comprometido. Por tanto, son siempre bienvenidas las cr\u00edticas, las mejoras al proceso electoral y en ese sentido creo que el senador Huenchumilla y todos los presidentes de partido pueden estar tranquilos, lo estamos trabajando a conciencia\u201d.<\/p>\n<p data-start=\"2101\" data-end=\"2363\">En la presentaci\u00f3n del programa \u201cSonrisas que sanan\u201d, en Estaci\u00f3n Central, la abanderada del oficialismo m\u00e1s la Democracia Cristiana desdramatiz\u00f3 la situaci\u00f3n y apunt\u00f3 a que la demora ocurri\u00f3 porque hubo una recaudaci\u00f3n de informaci\u00f3n durante su gira nacional.<\/p>\n<p data-start=\"2365\" data-end=\"2563\">\u201cEste programa de gobierno se hace en una alianza amplia de partidos de la centroizquierda chilena, no es el programa de un solo partido, como le ocurre al candidato Kast\u201d, expres\u00f3 Jeannette Jara.<\/p>\n<p data-start=\"2565\" data-end=\"2872\">El programa \u201cse ha puesto una misi\u00f3n muy ambiciosa, que es levantar propuestas program\u00e1ticas desde los territorios. Y lo digo porque no da lo mismo construir un programa desde una oficina en el sector oriente de la Regi\u00f3n Metropolitana, que estar en Chacalluta viendo en terreno los problemas que tienen\u201d.<\/p>\n<p data-start=\"2874\" data-end=\"3116\">Dicho ejercicio concluy\u00f3 la semana pasada, \u201cluego vinieron los feriados de Fiestas Patrias y esto est\u00e1 en pleno curso. El programa va a estar en los pr\u00f3ximos d\u00edas, nosotros lo vamos a subir a la p\u00e1gina del Servel que es lo que corresponde\u201d.<\/p>\n<p data-start=\"3118\" data-end=\"3293\">Finalmente, Jara asegur\u00f3 que \u201cevidentemente, los temas internacionales vienen en el programa de gobierno, bajo la l\u00f3gica de lo que ha sido la pol\u00edtica de Estado para Chile\u201d.<\/p>\n","protected":false},"excerpt":{"rendered":"<p>La candidata del oficialismo y la Democracia Cristiana relev\u00f3 que el programa se propuso una \u00abmisi\u00f3n muy ambiciosa, que es levantar propuestas program\u00e1ticas desde los [&hellip;]<\/p>\n","protected":false},"author":1,"featured_media":2760,"comment_status":"closed","ping_status":"closed","sticky":false,"template":"","format":"standard","meta":{"_monsterinsights_skip_tracking":false,"_monsterinsights_sitenote_active":false,"_monsterinsights_sitenote_note":"","_monsterinsights_sitenote_category":0,"footnotes":""},"categories":[24,6],"tags":[],"class_list":["post-2759","post","type-post","status-publish","format-standard","has-post-thumbnail","hentry","category-nacional","category-politics"],"_links":{"self":[{"href":"https:\/\/cooperativaredloslagos.cl\/wp-json\/wp\/v2\/posts\/2759","targetHints":{"allow":["GET"]}}],"collection":[{"href":"https:\/\/cooperativaredloslagos.cl\/wp-json\/wp\/v2\/posts"}],"about":[{"href":"https:\/\/cooperativaredloslagos.cl\/wp-json\/wp\/v2\/types\/post"}],"author":[{"embeddable":true,"href":"https:\/\/cooperativaredloslagos.cl\/wp-json\/wp\/v2\/users\/1"}],"replies":[{"embeddable":true,"href":"https:\/\/cooperativaredloslagos.cl\/wp-json\/wp\/v2\/comments?post=2759"}],"version-history":[{"count":1,"href":"https:\/\/cooperativaredloslagos.cl\/wp-json\/wp\/v2\/posts\/2759\/revisions"}],"predecessor-version":[{"id":2761,"href":"https:\/\/cooperativaredloslagos.cl\/wp-json\/wp\/v2\/posts\/2759\/revisions\/2761"}],"wp:featuredmedia":[{"embeddable":true,"href":"https:\/\/cooperativaredloslagos.cl\/wp-json\/wp\/v2\/media\/2760"}],"wp:attachment":[{"href":"https:\/\/cooperativaredloslagos.cl\/wp-json\/wp\/v2\/media?parent=2759"}],"wp:term":[{"taxonomy":"category","embeddable":true,"href":"https:\/\/cooperativaredloslagos.cl\/wp-json\/wp\/v2\/categories?post=2759"},{"taxonomy":"post_tag","embeddable":true,"href":"https:\/\/cooperativaredloslagos.cl\/wp-json\/wp\/v2\/tags?post=2759"}],"curies":[{"name":"wp","href":"https:\/\/api.w.org\/{rel}","templated":true}]}}