{"id":2817,"date":"2025-09-29T13:21:27","date_gmt":"2025-09-29T16:21:27","guid":{"rendered":"https:\/\/cooperativaredloslagos.cl\/?p=2817"},"modified":"2025-09-29T13:21:27","modified_gmt":"2025-09-29T16:21:27","slug":"reinstalan-historica-vitrina-de-semanas-musicales-frente-al-municipio","status":"publish","type":"post","link":"https:\/\/cooperativaredloslagos.cl\/2025\/09\/29\/reinstalan-historica-vitrina-de-semanas-musicales-frente-al-municipio\/","title":{"rendered":"Reinstalan hist\u00f3rica vitrina de Semanas Musicales frente al Municipio"},"content":{"rendered":"\n<p><strong>Con un acto ciudadano cargado de simbolismo, Frutillar recuper\u00f3 la emblem\u00e1tica vitrina de Semanas Musicales, que por m\u00e1s de tres d\u00e9cadas acompa\u00f1\u00f3 a la comunidad y ahora vuelve a ocupar un lugar central en la ciudad.<\/strong><\/p>\n\n\n\n<p>La vitrina que durante m\u00e1s de 30 a\u00f1os se emplaz\u00f3 en el jard\u00edn del Club Alem\u00e1n de Frutillar fue reinaugurada en su nueva ubicaci\u00f3n, a un costado de la <strong>Municipalidad<\/strong>, bajo la tradicional palmera que enmarca el sector.<\/p>\n\n\n\n<p>La ceremonia reuni\u00f3 a autoridades comunales, representantes de <strong>Semanas Musicales de Frutillar<\/strong> y estudiantes de la <strong>Escuela Bernardo Philippi<\/strong>, quienes tuvieron el honor de realizar la primera intervenci\u00f3n art\u00edstica en este espacio cultural.<\/p>\n\n\n\n<p>\u201cEsta reinstalaci\u00f3n marca una nueva vida para la vitrina. Queremos que se transforme en un espacio din\u00e1mico, donde colegios y \u00e1reas art\u00edsticas puedan presentar sus creaciones una vez al mes o cada dos meses. Hoy son los ni\u00f1os de la Escuela Bernardo Philippi quienes inauguran este ciclo con su propia obra\u201d, expres\u00f3 <strong>Flora Lopetegui<\/strong>, vicepresidenta de Semanas Musicales, en representaci\u00f3n de su presidenta, <strong>Karina Glasinovic<\/strong>.<\/p>\n\n\n\n<p>El alcalde <strong>Javier Arismendi<\/strong> resalt\u00f3 el valor simb\u00f3lico de este retorno: <em>\u201cEs muy importante devolver a la ciudad esta vitrina que acompa\u00f1\u00f3 por m\u00e1s de tres d\u00e9cadas a Semanas Musicales. Gracias al acuerdo un\u00e1nime del Concejo Municipal logramos reubicarla en este sitio estrat\u00e9gico, frente a la municipalidad y junto al tablero de ajedrez, un punto de encuentro hist\u00f3rico para los frutillarinos. Esperamos que esta vitrina siga siendo parte de miles de recuerdos y que contin\u00fae proyectando la cultura y el arte en nuestra comuna\u201d<\/em>.<\/p>\n\n\n\n<p>La reinstalaci\u00f3n busca darle un car\u00e1cter renovado a este espacio, transform\u00e1ndolo en una plataforma abierta a la comunidad educativa y art\u00edstica, manteniendo vivo el legado cultural que caracteriza a la <strong>ciudad de la m\u00fasica<\/strong>.<\/p>\n","protected":false},"excerpt":{"rendered":"<p>Con un acto ciudadano cargado de simbolismo, Frutillar recuper\u00f3 la emblem\u00e1tica vitrina de Semanas Musicales, que por m\u00e1s de tres d\u00e9cadas acompa\u00f1\u00f3 a la comunidad [&hellip;]<\/p>\n","protected":false},"author":1,"featured_media":2818,"comment_status":"closed","ping_status":"","sticky":false,"template":"","format":"standard","meta":{"_monsterinsights_skip_tracking":false,"_monsterinsights_sitenote_active":false,"_monsterinsights_sitenote_note":"","_monsterinsights_sitenote_category":0,"footnotes":""},"categories":[26,15,4],"tags":[],"class_list":["post-2817","post","type-post","status-publish","format-standard","has-post-thumbnail","hentry","category-frutillar","category-regional","category-lifestyle"],"_links":{"self":[{"href":"https:\/\/cooperativaredloslagos.cl\/wp-json\/wp\/v2\/posts\/2817","targetHints":{"allow":["GET"]}}],"collection":[{"href":"https:\/\/cooperativaredloslagos.cl\/wp-json\/wp\/v2\/posts"}],"about":[{"href":"https:\/\/cooperativaredloslagos.cl\/wp-json\/wp\/v2\/types\/post"}],"author":[{"embeddable":true,"href":"https:\/\/cooperativaredloslagos.cl\/wp-json\/wp\/v2\/users\/1"}],"replies":[{"embeddable":true,"href":"https:\/\/cooperativaredloslagos.cl\/wp-json\/wp\/v2\/comments?post=2817"}],"version-history":[{"count":1,"href":"https:\/\/cooperativaredloslagos.cl\/wp-json\/wp\/v2\/posts\/2817\/revisions"}],"predecessor-version":[{"id":2819,"href":"https:\/\/cooperativaredloslagos.cl\/wp-json\/wp\/v2\/posts\/2817\/revisions\/2819"}],"wp:featuredmedia":[{"embeddable":true,"href":"https:\/\/cooperativaredloslagos.cl\/wp-json\/wp\/v2\/media\/2818"}],"wp:attachment":[{"href":"https:\/\/cooperativaredloslagos.cl\/wp-json\/wp\/v2\/media?parent=2817"}],"wp:term":[{"taxonomy":"category","embeddable":true,"href":"https:\/\/cooperativaredloslagos.cl\/wp-json\/wp\/v2\/categories?post=2817"},{"taxonomy":"post_tag","embeddable":true,"href":"https:\/\/cooperativaredloslagos.cl\/wp-json\/wp\/v2\/tags?post=2817"}],"curies":[{"name":"wp","href":"https:\/\/api.w.org\/{rel}","templated":true}]}}