{"id":2890,"date":"2025-10-06T20:44:58","date_gmt":"2025-10-06T23:44:58","guid":{"rendered":"https:\/\/cooperativaredloslagos.cl\/?p=2890"},"modified":"2025-10-06T20:46:14","modified_gmt":"2025-10-06T23:46:14","slug":"sexta-compania-de-bomberos-celebra-100-anos-de-historia-identidad-y-compromiso-comunitario","status":"publish","type":"post","link":"https:\/\/cooperativaredloslagos.cl\/2025\/10\/06\/sexta-compania-de-bomberos-celebra-100-anos-de-historia-identidad-y-compromiso-comunitario\/","title":{"rendered":"Sexta Compa\u00f1\u00eda de Bomberos celebra 100 a\u00f1os de historia, identidad y compromiso comunitario"},"content":{"rendered":"\n<h5 class=\"wp-block-heading\">Con el eco de las sirenas que han marcado un siglo de servicio voluntario, la Sexta Compa\u00f1\u00eda de Bomberos de Puerto Montt celebra su centenario con un programa cargado de memoria, identidad y fuerte v\u00ednculo comunitario. Fundada el 12 de octubre de 1925 por el visionario Luis Ackermann Lochmann \u2014quien fue su primer director\u2014, la Sexta fue la primera compa\u00f1\u00eda creada en un barrio de la ciudad y ha mantenido desde entonces un profundo arraigo con el Barrio Puerto, transmitiendo su m\u00edstica de generaci\u00f3n en generaci\u00f3n.<\/h5>\n\n\n\n<p>\u201cEl esp\u00edritu de integraci\u00f3n se refleja en el programa conmemorativo, que incluye competencias bomberiles, homenajes, lanzamientos editoriales, ceremonias solemnes y actividades comunitarias durante todo octubre\u201d, explic\u00f3 Jaime Jonshon C\u00e1rdenas, superintendente del Cuerpo de Bomberos de Puerto Montt y voluntario de la Sexta.<\/p>\n\n\n\n<p>Entre los hitos m\u00e1s relevantes destaca el lanzamiento del libro aniversario, programado para este jueves en el cuartel de calle Chorrillos, la ceremonia central del centenario que se realizar\u00e1 el domingo en Arena Puerto Montt, el tradicional desfile institucional y la cena de gala.<\/p>\n\n\n\n<p>\u201cNo es solo una fecha: es el pulso de una historia que vibra en cada calle del Barrio Puerto y en cada voluntario que, sin pedir nada a cambio, ha dicho con firmeza: \u2018yo voy\u2019\u201d, expres\u00f3 el director de la compa\u00f1\u00eda, Carlos Oyarz\u00fan, subrayando el estrecho v\u00ednculo de la unidad con su entorno.<\/p>\n\n\n\n<h2 class=\"wp-block-heading\">Compa\u00f1\u00eda pionera<\/h2>\n\n\n\n<p>La Sexta ha sido pionera en especialidades operativas. Fue la primera unidad en atender emergencias mar\u00edtimas y portuarias y actualmente se especializa en materiales peligrosos e hidrocarburos. En 2023 incorpor\u00f3 la embarcaci\u00f3n \u201cComandante Alberto Sholtbach\u201d y el carro H-6, nombrado en honor al voluntario insigne F\u00e9lix Mancilla Vera.<\/p>\n\n\n\n<p>Otro hito importante fue la inauguraci\u00f3n de un memorial en el Cerro Miramar en homenaje a los m\u00e1rtires y voluntarios fallecidos de la Sexta Compa\u00f1\u00eda. El espacio, donado por la comunidad, honra a tres bomberos ca\u00eddos en acto de servicio y a todos los sextinos que han partido. El memorial fue entregado oficialmente el 30 de agosto.<\/p>\n\n\n\n<h2 class=\"wp-block-heading\">Rescate de la memoria<\/h2>\n\n\n\n<p>Como parte de las actividades, la compa\u00f1\u00eda impulsa la campa\u00f1a \u201cRescatemos nuestra Historia\u201d, que busca reunir fotograf\u00edas y recuerdos que reflejen el v\u00ednculo entre la Sexta y el Barrio Puerto. El llamado est\u00e1 abierto a toda la comunidad.<\/p>\n\n\n\n<p>\u201cMientras haya un fuego que apagar, una mano que extender o un sue\u00f1o que proteger, la Sexta Compa\u00f1\u00eda estar\u00e1 aqu\u00ed, latiendo al ritmo de Puerto Montt\u201d, concluy\u00f3 el director.<\/p>\n","protected":false},"excerpt":{"rendered":"<p>Con el eco de las sirenas que han marcado un siglo de servicio voluntario, la Sexta Compa\u00f1\u00eda de Bomberos de Puerto Montt celebra su centenario [&hellip;]<\/p>\n","protected":false},"author":1,"featured_media":2891,"comment_status":"closed","ping_status":"","sticky":false,"template":"","format":"standard","meta":{"_monsterinsights_skip_tracking":false,"_monsterinsights_sitenote_active":false,"_monsterinsights_sitenote_note":"","_monsterinsights_sitenote_category":0,"footnotes":""},"categories":[17,15,4],"tags":[],"class_list":["post-2890","post","type-post","status-publish","format-standard","has-post-thumbnail","hentry","category-puerto-montt","category-regional","category-lifestyle"],"_links":{"self":[{"href":"https:\/\/cooperativaredloslagos.cl\/wp-json\/wp\/v2\/posts\/2890","targetHints":{"allow":["GET"]}}],"collection":[{"href":"https:\/\/cooperativaredloslagos.cl\/wp-json\/wp\/v2\/posts"}],"about":[{"href":"https:\/\/cooperativaredloslagos.cl\/wp-json\/wp\/v2\/types\/post"}],"author":[{"embeddable":true,"href":"https:\/\/cooperativaredloslagos.cl\/wp-json\/wp\/v2\/users\/1"}],"replies":[{"embeddable":true,"href":"https:\/\/cooperativaredloslagos.cl\/wp-json\/wp\/v2\/comments?post=2890"}],"version-history":[{"count":2,"href":"https:\/\/cooperativaredloslagos.cl\/wp-json\/wp\/v2\/posts\/2890\/revisions"}],"predecessor-version":[{"id":2893,"href":"https:\/\/cooperativaredloslagos.cl\/wp-json\/wp\/v2\/posts\/2890\/revisions\/2893"}],"wp:featuredmedia":[{"embeddable":true,"href":"https:\/\/cooperativaredloslagos.cl\/wp-json\/wp\/v2\/media\/2891"}],"wp:attachment":[{"href":"https:\/\/cooperativaredloslagos.cl\/wp-json\/wp\/v2\/media?parent=2890"}],"wp:term":[{"taxonomy":"category","embeddable":true,"href":"https:\/\/cooperativaredloslagos.cl\/wp-json\/wp\/v2\/categories?post=2890"},{"taxonomy":"post_tag","embeddable":true,"href":"https:\/\/cooperativaredloslagos.cl\/wp-json\/wp\/v2\/tags?post=2890"}],"curies":[{"name":"wp","href":"https:\/\/api.w.org\/{rel}","templated":true}]}}