{"id":2901,"date":"2025-10-07T16:49:02","date_gmt":"2025-10-07T19:49:02","guid":{"rendered":"https:\/\/cooperativaredloslagos.cl\/?p=2901"},"modified":"2025-10-07T16:50:13","modified_gmt":"2025-10-07T19:50:13","slug":"festival-palena-canta-prepara-a-ninos-ninas-y-adolescentes-para-su-tercera-version","status":"publish","type":"post","link":"https:\/\/cooperativaredloslagos.cl\/2025\/10\/07\/festival-palena-canta-prepara-a-ninos-ninas-y-adolescentes-para-su-tercera-version\/","title":{"rendered":"Festival Palena Canta prepara a ni\u00f1os, ni\u00f1as y adolescentes para su tercera versi\u00f3n"},"content":{"rendered":"\n<h5 class=\"wp-block-heading\">El 30 de octubre, el sur de Chile recibir\u00e1 invitados nacionales e internacionales en el evento art\u00edstico m\u00e1s austral de la Regi\u00f3n de Los Lagos.<\/h5>\n\n\n\n<p>La m\u00fasica ya se hace sentir en la provincia de Palena. Coros de ni\u00f1os, ni\u00f1as y adolescentes de Chait\u00e9n, Futaleuf\u00fa y Palena se preparan para ser protagonistas de la tercera versi\u00f3n del Festival Palena Canta, que se realizar\u00e1 el pr\u00f3ximo 30 de octubre y reunir\u00e1 a artistas locales, nacionales e internacionales en uno de los encuentros culturales m\u00e1s importantes del extremo sur del pa\u00eds.<\/p>\n\n\n\n<p>La iniciativa surge del Programa Educativo \u201cMi Voz Expande\u201d, presente hace cuatro a\u00f1os en el territorio. Su objetivo es fortalecer la formaci\u00f3n art\u00edstica, la creaci\u00f3n y la difusi\u00f3n cultural, promoviendo el desarrollo social y ambiental de la zona a trav\u00e9s del canto, el turismo y el fomento productivo. Este a\u00f1o, el festival sumar\u00e1 invitados internacionales, abriendo v\u00ednculos estrat\u00e9gicos de intercambio art\u00edstico y cultural, y reforzando su foco en el turismo creativo y medioambiental.<\/p>\n\n\n\n<p>El gobernador regional, Alejandro Santana, destac\u00f3 el aporte del Gobierno Regional al evento. \u201cHemos destinado m\u00e1s de 15 millones de pesos a trav\u00e9s del Fondo Comunidad para hacer realidad este importante proyecto en la provincia de Palena. Creemos firmemente que el arte y la cultura son pilares para el desarrollo humano y territorial, especialmente en zonas extremas como la nuestra. Seguiremos apoyando iniciativas que nacen desde la comunidad y que proyectan excelencia hacia el futuro, porque cuando invertimos en cultura, invertimos en cohesi\u00f3n, pertenencia y oportunidades para nuestra gente\u201d, se\u00f1al\u00f3.<\/p>\n\n\n\n<p>La directora ejecutiva y art\u00edstica del festival, B\u00e1rbara Paz Mu\u00f1oz, explic\u00f3 que el evento es el resultado de un trabajo sostenido. \u201cNo se trata solo de un d\u00eda de actividades. Durante el a\u00f1o realizamos talleres en distintas disciplinas y encuentros creativos para fomentar en la comunidad el valor de su patrimonio cultural\u201d, afirm\u00f3.<\/p>\n\n\n\n<p>El festival cuenta con el apoyo del Fondo Comunidad del Gobierno Regional de Los Lagos, el Programa de Fortalecimiento e Identidad Cultural Regional del Ministerio de las Culturas, las Artes y el Patrimonio, la Municipalidad de Palena y empresas locales.<\/p>\n\n\n\n<p>Para el alcalde de Palena, Julio Delgado Retamal, el evento refleja la identidad del territorio. \u201cEste festival representa lo que somos como comuna: una comunidad que cree en sus ni\u00f1os, en la cultura y en el arte como parte de nuestro desarrollo. Adem\u00e1s, estas actividades se conectan con lo que impulsamos en Alto Palena, como la conservaci\u00f3n de nuestras aguas, nuestras \u00e1reas protegidas y el fortalecimiento del turismo con una mirada comunitaria y binacional. Es un gran momento para iniciar nuestra temporada tur\u00edstica y mostrar al mundo lo que Alto Palena, el tesoro mejor guardado de la Patagonia, tiene para ofrecer\u201d, sostuvo.<\/p>\n\n\n\n<h2 class=\"wp-block-heading\">Artistas invitados<\/h2>\n\n\n\n<p>La tercera versi\u00f3n de Palena Canta contar\u00e1 con destacados m\u00fasicos nacionales e internacionales. Entre ellos, el argentino Chango Spasiuk, embajador del Chamam\u00e9 Universal, considerado una de las figuras m\u00e1s relevantes del folclor trasandino de las \u00faltimas d\u00e9cadas. Tambi\u00e9n participar\u00e1 el chileno Nano Stern, reconocido por fusionar la herencia de la Nueva Canci\u00f3n con sonidos contempor\u00e1neos que combinan folk, rock, jazz y trova.<\/p>\n\n\n\n<h2 class=\"wp-block-heading\">Formaci\u00f3n art\u00edstica en el territorio<\/h2>\n\n\n\n<p>Como parte del proceso preparatorio, el festival ha desarrollado durante cinco meses talleres semanales en distintas comunidades creativas. Adem\u00e1s, se ofrecen talleres intensivos gratuitos en disciplinas como circo, danza, instrumentos, vestuario y registro sonoro, abiertos a toda la comunidad infantil. Estas actividades culminar\u00e1n con una muestra art\u00edstica que ser\u00e1 parte del festival regional.<\/p>\n","protected":false},"excerpt":{"rendered":"<p>El 30 de octubre, el sur de Chile recibir\u00e1 invitados nacionales e internacionales en el evento art\u00edstico m\u00e1s austral de la Regi\u00f3n de Los Lagos. [&hellip;]<\/p>\n","protected":false},"author":1,"featured_media":2902,"comment_status":"closed","ping_status":"","sticky":false,"template":"","format":"standard","meta":{"_monsterinsights_skip_tracking":false,"_monsterinsights_sitenote_active":false,"_monsterinsights_sitenote_note":"","_monsterinsights_sitenote_category":0,"footnotes":""},"categories":[32,31,15],"tags":[],"class_list":["post-2901","post","type-post","status-publish","format-standard","has-post-thumbnail","hentry","category-cultura","category-palena","category-regional"],"_links":{"self":[{"href":"https:\/\/cooperativaredloslagos.cl\/wp-json\/wp\/v2\/posts\/2901","targetHints":{"allow":["GET"]}}],"collection":[{"href":"https:\/\/cooperativaredloslagos.cl\/wp-json\/wp\/v2\/posts"}],"about":[{"href":"https:\/\/cooperativaredloslagos.cl\/wp-json\/wp\/v2\/types\/post"}],"author":[{"embeddable":true,"href":"https:\/\/cooperativaredloslagos.cl\/wp-json\/wp\/v2\/users\/1"}],"replies":[{"embeddable":true,"href":"https:\/\/cooperativaredloslagos.cl\/wp-json\/wp\/v2\/comments?post=2901"}],"version-history":[{"count":2,"href":"https:\/\/cooperativaredloslagos.cl\/wp-json\/wp\/v2\/posts\/2901\/revisions"}],"predecessor-version":[{"id":2904,"href":"https:\/\/cooperativaredloslagos.cl\/wp-json\/wp\/v2\/posts\/2901\/revisions\/2904"}],"wp:featuredmedia":[{"embeddable":true,"href":"https:\/\/cooperativaredloslagos.cl\/wp-json\/wp\/v2\/media\/2902"}],"wp:attachment":[{"href":"https:\/\/cooperativaredloslagos.cl\/wp-json\/wp\/v2\/media?parent=2901"}],"wp:term":[{"taxonomy":"category","embeddable":true,"href":"https:\/\/cooperativaredloslagos.cl\/wp-json\/wp\/v2\/categories?post=2901"},{"taxonomy":"post_tag","embeddable":true,"href":"https:\/\/cooperativaredloslagos.cl\/wp-json\/wp\/v2\/tags?post=2901"}],"curies":[{"name":"wp","href":"https:\/\/api.w.org\/{rel}","templated":true}]}}