{"id":2936,"date":"2025-10-10T17:21:42","date_gmt":"2025-10-10T20:21:42","guid":{"rendered":"https:\/\/cooperativaredloslagos.cl\/?p=2936"},"modified":"2025-10-10T17:21:50","modified_gmt":"2025-10-10T20:21:50","slug":"detienen-a-dos-adolescentes-por-robo-en-liceo-de-purranque","status":"publish","type":"post","link":"https:\/\/cooperativaredloslagos.cl\/2025\/10\/10\/detienen-a-dos-adolescentes-por-robo-en-liceo-de-purranque\/","title":{"rendered":"Detienen a dos adolescentes por robo en liceo de Purranque"},"content":{"rendered":"\n<p>Durante la madrugada de este jueves, Carabineros de la Subcomisar\u00eda de Purranque detuvo a dos adolescentes de 16 a\u00f1os acusados de sustraer diversas especies desde el Liceo Municipal Tom\u00e1s Burgos.<\/p>\n\n\n\n<p>El procedimiento se activ\u00f3 tras la denuncia de un vecino, quien alert\u00f3 sobre la presencia de los j\u00f3venes trasladando objetos en carretillas por el sector de An\u00edbal Pinto con Santo Domingo.<\/p>\n\n\n\n<p>Seg\u00fan explic\u00f3 la capit\u00e1n Roc\u00edo Arce, subcomisario de Purranque, gracias a las c\u00e1maras de seguridad de la Municipalidad se logr\u00f3 confirmar la denuncia y ubicar r\u00e1pidamente a los involucrados. Personal policial se desplaz\u00f3 al lugar, concretando la detenci\u00f3n y recuperando la totalidad de los art\u00edculos robados, que posteriormente fueron devueltos al establecimiento educacional.<\/p>\n\n\n\n<p>Los adolescentes fueron puestos a disposici\u00f3n del tribunal para su respectivo control de detenci\u00f3n, conforme a las instrucciones del fiscal de turno. De acuerdo con Carabineros, ambos mantienen antecedentes penales y policiales por otros delitos.<\/p>\n\n\n\n<p>La instituci\u00f3n reiter\u00f3 su compromiso con la seguridad p\u00fablica y la protecci\u00f3n de los recintos educativos en la comuna.<\/p>\n","protected":false},"excerpt":{"rendered":"<p>Durante la madrugada de este jueves, Carabineros de la Subcomisar\u00eda de Purranque detuvo a dos adolescentes de 16 a\u00f1os acusados de sustraer diversas especies desde [&hellip;]<\/p>\n","protected":false},"author":1,"featured_media":2937,"comment_status":"closed","ping_status":"","sticky":false,"template":"","format":"standard","meta":{"_monsterinsights_skip_tracking":false,"_monsterinsights_sitenote_active":false,"_monsterinsights_sitenote_note":"","_monsterinsights_sitenote_category":0,"footnotes":""},"categories":[28,34,15],"tags":[],"class_list":["post-2936","post","type-post","status-publish","format-standard","has-post-thumbnail","hentry","category-policial","category-purranque","category-regional"],"_links":{"self":[{"href":"https:\/\/cooperativaredloslagos.cl\/wp-json\/wp\/v2\/posts\/2936","targetHints":{"allow":["GET"]}}],"collection":[{"href":"https:\/\/cooperativaredloslagos.cl\/wp-json\/wp\/v2\/posts"}],"about":[{"href":"https:\/\/cooperativaredloslagos.cl\/wp-json\/wp\/v2\/types\/post"}],"author":[{"embeddable":true,"href":"https:\/\/cooperativaredloslagos.cl\/wp-json\/wp\/v2\/users\/1"}],"replies":[{"embeddable":true,"href":"https:\/\/cooperativaredloslagos.cl\/wp-json\/wp\/v2\/comments?post=2936"}],"version-history":[{"count":1,"href":"https:\/\/cooperativaredloslagos.cl\/wp-json\/wp\/v2\/posts\/2936\/revisions"}],"predecessor-version":[{"id":2938,"href":"https:\/\/cooperativaredloslagos.cl\/wp-json\/wp\/v2\/posts\/2936\/revisions\/2938"}],"wp:featuredmedia":[{"embeddable":true,"href":"https:\/\/cooperativaredloslagos.cl\/wp-json\/wp\/v2\/media\/2937"}],"wp:attachment":[{"href":"https:\/\/cooperativaredloslagos.cl\/wp-json\/wp\/v2\/media?parent=2936"}],"wp:term":[{"taxonomy":"category","embeddable":true,"href":"https:\/\/cooperativaredloslagos.cl\/wp-json\/wp\/v2\/categories?post=2936"},{"taxonomy":"post_tag","embeddable":true,"href":"https:\/\/cooperativaredloslagos.cl\/wp-json\/wp\/v2\/tags?post=2936"}],"curies":[{"name":"wp","href":"https:\/\/api.w.org\/{rel}","templated":true}]}}