{"id":2947,"date":"2025-10-11T10:25:47","date_gmt":"2025-10-11T13:25:47","guid":{"rendered":"https:\/\/cooperativaredloslagos.cl\/?p=2947"},"modified":"2025-10-13T10:28:31","modified_gmt":"2025-10-13T13:28:31","slug":"alcalde-solicita-moratoria-a-la-ley-lafkenche-tras-rechazar-solicitud-de-56-mil-hectareas-en-el-seno-de-reloncavi","status":"publish","type":"post","link":"https:\/\/cooperativaredloslagos.cl\/2025\/10\/11\/alcalde-solicita-moratoria-a-la-ley-lafkenche-tras-rechazar-solicitud-de-56-mil-hectareas-en-el-seno-de-reloncavi\/","title":{"rendered":"Alcalde de Puerto Montt solicita moratoria a la ley Lafkenche tras rechazar solicitud de 56 mil hect\u00e1reas en el Seno de Reloncav\u00ed"},"content":{"rendered":"\n<p>Por amplia mayor\u00eda, el Comit\u00e9 Regional de Uso de Borde Costero (Crubc) rechaz\u00f3 la entrega de un Espacio Costero Mar\u00edtimo para Pueblos Costeros (Ecmpo) solicitado por la comunidad Ngulam \u00d1uke Lafken, que buscaba 56 mil hect\u00e1reas marinas del Seno de Reloncavi en las comunas de Puerto Montt y Calbuco. En la oportunidad, el alcalde de la capital regional solicit\u00f3 aplicar una moratoria, tanto a la Ley Lafkenche, como a su reglamento, para impedir que nuevas solicitudes terminen paralizando cientos de actividades productivas en la comuna.<\/p>\n\n\n\n<p>De un total de 46 votos, 41 fueron por el rechazo y cinco fueron abstenciones. Entre quienes rechazaron estuvo el alcalde de Puerto Montt, Rodrigo Wainraihgt Galilea, quien durante su intervenci\u00f3n enfatiz\u00f3 que la solicitud representaba un \u201cabuso\u201d por cuanto pon\u00eda el derecho de un grupo por sobre el de toda una comunidad que vive del borde costero.<\/p>\n\n\n\n<p>\u201cHabr\u00eda perjudicado a nuestros pescadores y recolectores de orilla, principalmente mujeres de Tenglo y de Maillen; como tambi\u00e9n a la industria salmonera, que genera 40 mil empleos directos y 40 empleos indirectos\u201d, plante\u00f3, para agregar que \u201ctenemos que unirnos y trabajar en la modificaci\u00f3n del reglamento y la Ley Lafkenche, porque si el martes o mi\u00e9rcoles se presenta una nueva solicitud se paralizan nuevamente todos los proyectos de desarrollo, y eso no puede ser\u201d, enfatiz\u00f3.<\/p>\n\n\n\n<p>Insisti\u00f3 que tanto la ley, como el reglamento, lo que hacen es crear incertezas jur\u00eddicas, en momentos en que el pa\u00eds requiere de crecimiento, ya que existe una baja empleabilidad.<\/p>\n\n\n\n<p>En el mismo sentido, solicit\u00f3 una moratoria a la aplicaci\u00f3n de la ley y el reglamento de la ley Lafkenche, puesto que no es descartable, que nuevas solicitudes paralicen cientos de actividades productivas. Del mismo modo, exigi\u00f3 fundamentos tanto a la Conadi y a la Seremi de Medio Ambiente, quienes se abstuvieron en la votaci\u00f3n<\/p>\n\n\n\n<p>La solicitud, presentada en 2020 por la comunidad integrada por 115 personas, implicaba un espacio costero marino en un radio entre Chaicas en la Carretera Austral y Huelmo, incluyendo la costa de las islas Tenglo, Maillen y Huar.<\/p>\n","protected":false},"excerpt":{"rendered":"<p>Por amplia mayor\u00eda, el Comit\u00e9 Regional de Uso de Borde Costero (Crubc) rechaz\u00f3 la entrega de un Espacio Costero Mar\u00edtimo para Pueblos Costeros (Ecmpo) solicitado [&hellip;]<\/p>\n","protected":false},"author":1,"featured_media":2948,"comment_status":"closed","ping_status":"closed","sticky":false,"template":"","format":"standard","meta":{"_monsterinsights_skip_tracking":false,"_monsterinsights_sitenote_active":false,"_monsterinsights_sitenote_note":"","_monsterinsights_sitenote_category":0,"footnotes":""},"categories":[6,17],"tags":[],"class_list":["post-2947","post","type-post","status-publish","format-standard","has-post-thumbnail","hentry","category-politics","category-puerto-montt"],"_links":{"self":[{"href":"https:\/\/cooperativaredloslagos.cl\/wp-json\/wp\/v2\/posts\/2947","targetHints":{"allow":["GET"]}}],"collection":[{"href":"https:\/\/cooperativaredloslagos.cl\/wp-json\/wp\/v2\/posts"}],"about":[{"href":"https:\/\/cooperativaredloslagos.cl\/wp-json\/wp\/v2\/types\/post"}],"author":[{"embeddable":true,"href":"https:\/\/cooperativaredloslagos.cl\/wp-json\/wp\/v2\/users\/1"}],"replies":[{"embeddable":true,"href":"https:\/\/cooperativaredloslagos.cl\/wp-json\/wp\/v2\/comments?post=2947"}],"version-history":[{"count":2,"href":"https:\/\/cooperativaredloslagos.cl\/wp-json\/wp\/v2\/posts\/2947\/revisions"}],"predecessor-version":[{"id":2950,"href":"https:\/\/cooperativaredloslagos.cl\/wp-json\/wp\/v2\/posts\/2947\/revisions\/2950"}],"wp:featuredmedia":[{"embeddable":true,"href":"https:\/\/cooperativaredloslagos.cl\/wp-json\/wp\/v2\/media\/2948"}],"wp:attachment":[{"href":"https:\/\/cooperativaredloslagos.cl\/wp-json\/wp\/v2\/media?parent=2947"}],"wp:term":[{"taxonomy":"category","embeddable":true,"href":"https:\/\/cooperativaredloslagos.cl\/wp-json\/wp\/v2\/categories?post=2947"},{"taxonomy":"post_tag","embeddable":true,"href":"https:\/\/cooperativaredloslagos.cl\/wp-json\/wp\/v2\/tags?post=2947"}],"curies":[{"name":"wp","href":"https:\/\/api.w.org\/{rel}","templated":true}]}}