{"id":2963,"date":"2025-10-14T18:13:13","date_gmt":"2025-10-14T21:13:13","guid":{"rendered":"https:\/\/cooperativaredloslagos.cl\/?p=2963"},"modified":"2025-10-14T18:13:13","modified_gmt":"2025-10-14T21:13:13","slug":"johannes-kaiser-presenta-querella-por-injurias-y-calumnias-contra-franco-parisi-en-medio-de-la-carrera-presidencial","status":"publish","type":"post","link":"https:\/\/cooperativaredloslagos.cl\/2025\/10\/14\/johannes-kaiser-presenta-querella-por-injurias-y-calumnias-contra-franco-parisi-en-medio-de-la-carrera-presidencial\/","title":{"rendered":"Johannes Kaiser presenta querella por injurias y calumnias contra Franco Parisi en medio de la carrera presidencial"},"content":{"rendered":"\n<p>En una nueva escalada de tensi\u00f3n dentro de la carrera presidencial, <strong>Johannes Kaiser<\/strong>, candidato del <strong>Partido Nacional Libertario<\/strong>, present\u00f3 este lunes una <strong>querella por injurias y calumnias<\/strong> contra su contrincante pol\u00edtico <strong>Franco Parisi<\/strong>, abanderado del <strong>Partido de la Gente (PDG)<\/strong>.<\/p>\n\n\n\n<p>La acci\u00f3n legal fue ingresada ante el <strong>8.\u00ba Juzgado de Garant\u00eda de Santiago<\/strong> y se enmarca en declaraciones recientes de Parisi, quien acus\u00f3 a Kaiser de un presunto \u201cintento de corrupci\u00f3n\u201d por no renunciar a su dieta parlamentaria durante el periodo de campa\u00f1a presidencial.<\/p>\n\n\n\n<h2 class=\"wp-block-heading\">Los argumentos de Kaiser<\/h2>\n\n\n\n<p>En el documento judicial, el parlamentario sostiene que su <strong>honra y reputaci\u00f3n<\/strong>, tanto en el \u00e1mbito personal como en su rol de autoridad p\u00fablica, <strong>se han visto gravemente afectadas<\/strong> por las afirmaciones difundidas ampliamente en distintos medios de comunicaci\u00f3n.<\/p>\n\n\n\n<p>Uno de los hechos clave que motiv\u00f3 la querella ocurri\u00f3 el <strong>2 de octubre<\/strong>, cuando Parisi propuso p\u00fablicamente una iniciativa denominada <strong>\u201cLey Kaiser\u201d<\/strong>, que buscar\u00eda impedir que autoridades como diputados, senadores, alcaldes o gobernadores mantengan sus cargos mientras postulan a otro puesto de elecci\u00f3n popular.<\/p>\n\n\n\n<p>Durante esa intervenci\u00f3n, el l\u00edder del PDG calific\u00f3 a Kaiser como <strong>\u201climitado intelectualmente\u201d<\/strong> y se\u00f1al\u00f3 que su decisi\u00f3n de continuar recibiendo su dieta parlamentaria durante la campa\u00f1a presidencial constituir\u00eda <strong>\u201cun intento de corrupci\u00f3n\u201d<\/strong>.<\/p>\n\n\n\n<p>Hasta la tarde de este martes, <strong>ninguno de los dos candidatos ha emitido declaraciones p\u00fablicas<\/strong> tras la presentaci\u00f3n de la querella.<\/p>\n","protected":false},"excerpt":{"rendered":"<p>En una nueva escalada de tensi\u00f3n dentro de la carrera presidencial, Johannes Kaiser, candidato del Partido Nacional Libertario, present\u00f3 este lunes una querella por injurias [&hellip;]<\/p>\n","protected":false},"author":1,"featured_media":2964,"comment_status":"closed","ping_status":"","sticky":false,"template":"","format":"standard","meta":{"_monsterinsights_skip_tracking":false,"_monsterinsights_sitenote_active":false,"_monsterinsights_sitenote_note":"","_monsterinsights_sitenote_category":0,"footnotes":""},"categories":[24,6],"tags":[],"class_list":["post-2963","post","type-post","status-publish","format-standard","has-post-thumbnail","hentry","category-nacional","category-politics"],"_links":{"self":[{"href":"https:\/\/cooperativaredloslagos.cl\/wp-json\/wp\/v2\/posts\/2963","targetHints":{"allow":["GET"]}}],"collection":[{"href":"https:\/\/cooperativaredloslagos.cl\/wp-json\/wp\/v2\/posts"}],"about":[{"href":"https:\/\/cooperativaredloslagos.cl\/wp-json\/wp\/v2\/types\/post"}],"author":[{"embeddable":true,"href":"https:\/\/cooperativaredloslagos.cl\/wp-json\/wp\/v2\/users\/1"}],"replies":[{"embeddable":true,"href":"https:\/\/cooperativaredloslagos.cl\/wp-json\/wp\/v2\/comments?post=2963"}],"version-history":[{"count":1,"href":"https:\/\/cooperativaredloslagos.cl\/wp-json\/wp\/v2\/posts\/2963\/revisions"}],"predecessor-version":[{"id":2965,"href":"https:\/\/cooperativaredloslagos.cl\/wp-json\/wp\/v2\/posts\/2963\/revisions\/2965"}],"wp:featuredmedia":[{"embeddable":true,"href":"https:\/\/cooperativaredloslagos.cl\/wp-json\/wp\/v2\/media\/2964"}],"wp:attachment":[{"href":"https:\/\/cooperativaredloslagos.cl\/wp-json\/wp\/v2\/media?parent=2963"}],"wp:term":[{"taxonomy":"category","embeddable":true,"href":"https:\/\/cooperativaredloslagos.cl\/wp-json\/wp\/v2\/categories?post=2963"},{"taxonomy":"post_tag","embeddable":true,"href":"https:\/\/cooperativaredloslagos.cl\/wp-json\/wp\/v2\/tags?post=2963"}],"curies":[{"name":"wp","href":"https:\/\/api.w.org\/{rel}","templated":true}]}}