{"id":3006,"date":"2025-10-18T19:55:46","date_gmt":"2025-10-18T22:55:46","guid":{"rendered":"https:\/\/cooperativaredloslagos.cl\/?p=3006"},"modified":"2025-10-18T19:55:46","modified_gmt":"2025-10-18T22:55:46","slug":"seremi-de-salud-confirma-caso-de-rabia-en-murcielago-hallado-en-frutillar","status":"publish","type":"post","link":"https:\/\/cooperativaredloslagos.cl\/2025\/10\/18\/seremi-de-salud-confirma-caso-de-rabia-en-murcielago-hallado-en-frutillar\/","title":{"rendered":"Seremi de Salud confirma caso de rabia en murci\u00e9lago hallado en Frutillar"},"content":{"rendered":"\n<p>La <strong>Seremi de Salud de Los Lagos<\/strong> confirm\u00f3 la presencia del <strong>virus de la rabia<\/strong> en un murci\u00e9lago encontrado en el sector de <strong>Frutillar Bajo<\/strong>, activando inmediatamente los protocolos preventivos en la comuna.<\/p>\n\n\n\n<p>El animal fue localizado en horas de d\u00eda en un \u00e1rbol del balneario de Frutillar Bajo y posteriormente capturado por personal de la empresa que realiza labores de desratizaci\u00f3n para el municipio. El ejemplar fue entregado a la autoridad sanitaria para su an\u00e1lisis, el cual arroj\u00f3 <strong>resultado positivo<\/strong> este viernes.<\/p>\n\n\n\n<p>El alcalde <strong>Javier Arismendi<\/strong> instruy\u00f3 coordinaciones con el Departamento Municipal de Salud y la Seremi para ejecutar acciones preventivas.<br>\u201c<strong>Implementaremos todas las acciones necesarias para proteger la salud p\u00fablica y prevenir nuevos casos de rabia.<\/strong> Estamos coordinando operativos para resguardar a nuestra poblaci\u00f3n y a las mascotas\u201d, se\u00f1al\u00f3 el jefe comunal.<\/p>\n\n\n\n<p>Como parte de las medidas, se realizar\u00e1 la <strong>vacunaci\u00f3n preventiva de perros y gatos<\/strong>, adem\u00e1s de <strong>charlas educativas dirigidas a la comunidad<\/strong>.<\/p>\n\n\n\n<p>La <strong>rabia<\/strong> es una <strong>enfermedad viral y letal<\/strong> que afecta a mam\u00edferos, incluidos los seres humanos, por lo que se recomienda evitar el contacto con animales silvestres y mantener al d\u00eda la vacunaci\u00f3n de las mascotas.<\/p>\n","protected":false},"excerpt":{"rendered":"<p>La Seremi de Salud de Los Lagos confirm\u00f3 la presencia del virus de la rabia en un murci\u00e9lago encontrado en el sector de Frutillar Bajo, [&hellip;]<\/p>\n","protected":false},"author":1,"featured_media":3007,"comment_status":"closed","ping_status":"","sticky":false,"template":"","format":"standard","meta":{"_monsterinsights_skip_tracking":false,"_monsterinsights_sitenote_active":false,"_monsterinsights_sitenote_note":"","_monsterinsights_sitenote_category":0,"footnotes":""},"categories":[26,15],"tags":[],"class_list":["post-3006","post","type-post","status-publish","format-standard","has-post-thumbnail","hentry","category-frutillar","category-regional"],"_links":{"self":[{"href":"https:\/\/cooperativaredloslagos.cl\/wp-json\/wp\/v2\/posts\/3006","targetHints":{"allow":["GET"]}}],"collection":[{"href":"https:\/\/cooperativaredloslagos.cl\/wp-json\/wp\/v2\/posts"}],"about":[{"href":"https:\/\/cooperativaredloslagos.cl\/wp-json\/wp\/v2\/types\/post"}],"author":[{"embeddable":true,"href":"https:\/\/cooperativaredloslagos.cl\/wp-json\/wp\/v2\/users\/1"}],"replies":[{"embeddable":true,"href":"https:\/\/cooperativaredloslagos.cl\/wp-json\/wp\/v2\/comments?post=3006"}],"version-history":[{"count":1,"href":"https:\/\/cooperativaredloslagos.cl\/wp-json\/wp\/v2\/posts\/3006\/revisions"}],"predecessor-version":[{"id":3008,"href":"https:\/\/cooperativaredloslagos.cl\/wp-json\/wp\/v2\/posts\/3006\/revisions\/3008"}],"wp:featuredmedia":[{"embeddable":true,"href":"https:\/\/cooperativaredloslagos.cl\/wp-json\/wp\/v2\/media\/3007"}],"wp:attachment":[{"href":"https:\/\/cooperativaredloslagos.cl\/wp-json\/wp\/v2\/media?parent=3006"}],"wp:term":[{"taxonomy":"category","embeddable":true,"href":"https:\/\/cooperativaredloslagos.cl\/wp-json\/wp\/v2\/categories?post=3006"},{"taxonomy":"post_tag","embeddable":true,"href":"https:\/\/cooperativaredloslagos.cl\/wp-json\/wp\/v2\/tags?post=3006"}],"curies":[{"name":"wp","href":"https:\/\/api.w.org\/{rel}","templated":true}]}}