{"id":3009,"date":"2025-10-18T20:07:04","date_gmt":"2025-10-18T23:07:04","guid":{"rendered":"https:\/\/cooperativaredloslagos.cl\/?p=3009"},"modified":"2025-10-18T20:07:04","modified_gmt":"2025-10-18T23:07:04","slug":"hallan-sin-vida-a-hombre-de-66-anos-amarrado-en-su-vivienda-en-piedra-azul","status":"publish","type":"post","link":"https:\/\/cooperativaredloslagos.cl\/2025\/10\/18\/hallan-sin-vida-a-hombre-de-66-anos-amarrado-en-su-vivienda-en-piedra-azul\/","title":{"rendered":"Hallan sin vida a hombre de 66 a\u00f1os amarrado en su vivienda en Piedra Azul"},"content":{"rendered":"\n<p>Un impactante hallazgo se registr\u00f3 durante la ma\u00f1ana de este s\u00e1bado en el sector <strong>Piedra Azul<\/strong>, al sur de Puerto Montt, donde un hombre de <strong>66 a\u00f1os<\/strong> fue encontrado <strong>sin vida al interior de su vivienda<\/strong>, con <strong>manos y pies amarrados<\/strong>. El caso ya est\u00e1 siendo investigado por la <strong>Polic\u00eda de Investigaciones (PDI)<\/strong>.<\/p>\n\n\n\n<p>La v\u00edctima fue identificada como <strong>Manuel Villarroel Oyarz\u00fan<\/strong>. Seg\u00fan los primeros antecedentes, fueron familiares quienes llegaron hasta el domicilio y, al ingresar a uno de los dormitorios, se encontraron con la escena, dando aviso inmediato a <strong>Carabineros del ret\u00e9n de Piedra Azul<\/strong>, ubicado en la Carretera Austral.<\/p>\n\n\n\n<p>Personal policial acudi\u00f3 al lugar para <strong>resguardar el sitio del suceso<\/strong>, a la espera del arribo de los equipos investigativos especializados, conforme a las instrucciones entregadas por el <strong>Ministerio P\u00fablico<\/strong>.<\/p>\n\n\n\n<p>La <strong>Brigada de Homicidios de la PDI<\/strong> qued\u00f3 a cargo de las diligencias para esclarecer las circunstancias de la muerte y determinar si hubo participaci\u00f3n de terceros.<\/p>\n","protected":false},"excerpt":{"rendered":"<p>Un impactante hallazgo se registr\u00f3 durante la ma\u00f1ana de este s\u00e1bado en el sector Piedra Azul, al sur de Puerto Montt, donde un hombre de [&hellip;]<\/p>\n","protected":false},"author":1,"featured_media":3010,"comment_status":"closed","ping_status":"","sticky":false,"template":"","format":"standard","meta":{"_monsterinsights_skip_tracking":false,"_monsterinsights_sitenote_active":false,"_monsterinsights_sitenote_note":"","_monsterinsights_sitenote_category":0,"footnotes":""},"categories":[28,17,15],"tags":[],"class_list":["post-3009","post","type-post","status-publish","format-standard","has-post-thumbnail","hentry","category-policial","category-puerto-montt","category-regional"],"_links":{"self":[{"href":"https:\/\/cooperativaredloslagos.cl\/wp-json\/wp\/v2\/posts\/3009","targetHints":{"allow":["GET"]}}],"collection":[{"href":"https:\/\/cooperativaredloslagos.cl\/wp-json\/wp\/v2\/posts"}],"about":[{"href":"https:\/\/cooperativaredloslagos.cl\/wp-json\/wp\/v2\/types\/post"}],"author":[{"embeddable":true,"href":"https:\/\/cooperativaredloslagos.cl\/wp-json\/wp\/v2\/users\/1"}],"replies":[{"embeddable":true,"href":"https:\/\/cooperativaredloslagos.cl\/wp-json\/wp\/v2\/comments?post=3009"}],"version-history":[{"count":1,"href":"https:\/\/cooperativaredloslagos.cl\/wp-json\/wp\/v2\/posts\/3009\/revisions"}],"predecessor-version":[{"id":3011,"href":"https:\/\/cooperativaredloslagos.cl\/wp-json\/wp\/v2\/posts\/3009\/revisions\/3011"}],"wp:featuredmedia":[{"embeddable":true,"href":"https:\/\/cooperativaredloslagos.cl\/wp-json\/wp\/v2\/media\/3010"}],"wp:attachment":[{"href":"https:\/\/cooperativaredloslagos.cl\/wp-json\/wp\/v2\/media?parent=3009"}],"wp:term":[{"taxonomy":"category","embeddable":true,"href":"https:\/\/cooperativaredloslagos.cl\/wp-json\/wp\/v2\/categories?post=3009"},{"taxonomy":"post_tag","embeddable":true,"href":"https:\/\/cooperativaredloslagos.cl\/wp-json\/wp\/v2\/tags?post=3009"}],"curies":[{"name":"wp","href":"https:\/\/api.w.org\/{rel}","templated":true}]}}