{"id":3014,"date":"2025-10-20T11:20:32","date_gmt":"2025-10-20T14:20:32","guid":{"rendered":"https:\/\/cooperativaredloslagos.cl\/?p=3014"},"modified":"2025-10-20T11:20:32","modified_gmt":"2025-10-20T14:20:32","slug":"ex-alcalde-de-calbuco-solicita-destitucion-de-su-sucesor-ante-el-tribunal-electoral","status":"publish","type":"post","link":"https:\/\/cooperativaredloslagos.cl\/2025\/10\/20\/ex-alcalde-de-calbuco-solicita-destitucion-de-su-sucesor-ante-el-tribunal-electoral\/","title":{"rendered":"Ex alcalde de Calbuco solicita destituci\u00f3n de su sucesor ante el Tribunal Electoral"},"content":{"rendered":"\n<p><strong>Calbuco.<\/strong> El ex alcalde <strong>Francisco Calbucoy (Ind.)<\/strong> present\u00f3 un <strong>recurso de reclamaci\u00f3n ante el Tribunal Electoral Regional (TER)<\/strong> con el objetivo de destituir al actual jefe comunal, <strong>Marco Silva Maldonado (Ind.)<\/strong>, por supuesta inhabilidad para ejercer el cargo.<\/p>\n\n\n\n<p>Calbucoy, quien lider\u00f3 el municipio entre 2021 y 2024, argumenta que Silva no debi\u00f3 postularse en las \u00faltimas elecciones municipales, ya que habr\u00eda sido <strong>destituido en 2022 tras un sumario administrativo<\/strong>, seg\u00fan antecedentes de la Tesorer\u00eda General de la Rep\u00fablica. Dicha destituci\u00f3n implicar\u00eda una <strong>inhabilidad de cinco a\u00f1os<\/strong>, vigente hasta el <strong>3 de agosto de 2027<\/strong>.<\/p>\n\n\n\n<p>La acci\u00f3n legal, ingresada el <strong>10 de octubre<\/strong> y contenida en 17 p\u00e1ginas, solicita que el tribunal <strong>revoque la sentencia que proclam\u00f3 a Silva<\/strong> y que, en su lugar, se proclame como alcalde a quien obtuvo el segundo lugar: el propio Calbucoy. De manera subsidiaria, pide que se declare a Silva <strong>inh\u00e1bil para continuar ejerciendo el cargo<\/strong>. El ex edil es representado por el abogado Mauricio Barr\u00eda.<\/p>\n\n\n\n<p>En su presentaci\u00f3n, Calbucoy acusa a Silva de \u201cburlar al sistema electoral y a la fe p\u00fablica\u201d, calificando la situaci\u00f3n como una \u201cgrav\u00edsima falta a la probidad administrativa\u201d.<\/p>\n\n\n\n<p>Consultado sobre el tiempo transcurrido desde los comicios, Calbucoy explic\u00f3 que inicialmente no solicit\u00f3 antecedentes de sus contrincantes porque asumi\u00f3 que \u201ctodos participamos de buena fe\u201d. Sin embargo, indic\u00f3 que tras recibir una acusaci\u00f3n \u201cinfundada\u201d por parte de Silva, comenz\u00f3 a reunir informaci\u00f3n, la que present\u00f3 ante el TER a inicios de octubre.<\/p>\n\n\n\n<p>La causa qued\u00f3 registrada bajo el <strong>Rol 87-2025<\/strong>, con la car\u00e1tula \u201cRequerimiento de inhabilidad contra alcalde de Calbuco, Marco Silva Maldonado\u201d. Entre las diligencias solicitadas, Calbucoy pide que la Contralor\u00eda informe si la sanci\u00f3n de Silva fue incorporada al sistema de inhabilidades y que se investiguen aspectos relacionados con una <strong>licencia m\u00e9dica y un viaje al extranjero posterior a la sanci\u00f3n<\/strong>.<\/p>\n\n\n\n<p>El ex alcalde sostiene que su sucesor <strong>incurri\u00f3 en falta de probidad al no informar al Concejo Municipal sobre su situaci\u00f3n<\/strong>, como exige la normativa vigente. El Tribunal Electoral Regional deber\u00e1 ahora pronunciarse respecto al requerimiento.<\/p>\n","protected":false},"excerpt":{"rendered":"<p>Calbuco. El ex alcalde Francisco Calbucoy (Ind.) present\u00f3 un recurso de reclamaci\u00f3n ante el Tribunal Electoral Regional (TER) con el objetivo de destituir al actual [&hellip;]<\/p>\n","protected":false},"author":1,"featured_media":3015,"comment_status":"closed","ping_status":"","sticky":false,"template":"","format":"standard","meta":{"_monsterinsights_skip_tracking":false,"_monsterinsights_sitenote_active":false,"_monsterinsights_sitenote_note":"","_monsterinsights_sitenote_category":0,"footnotes":""},"categories":[25,6],"tags":[],"class_list":["post-3014","post","type-post","status-publish","format-standard","has-post-thumbnail","hentry","category-calbuco","category-politics"],"_links":{"self":[{"href":"https:\/\/cooperativaredloslagos.cl\/wp-json\/wp\/v2\/posts\/3014","targetHints":{"allow":["GET"]}}],"collection":[{"href":"https:\/\/cooperativaredloslagos.cl\/wp-json\/wp\/v2\/posts"}],"about":[{"href":"https:\/\/cooperativaredloslagos.cl\/wp-json\/wp\/v2\/types\/post"}],"author":[{"embeddable":true,"href":"https:\/\/cooperativaredloslagos.cl\/wp-json\/wp\/v2\/users\/1"}],"replies":[{"embeddable":true,"href":"https:\/\/cooperativaredloslagos.cl\/wp-json\/wp\/v2\/comments?post=3014"}],"version-history":[{"count":1,"href":"https:\/\/cooperativaredloslagos.cl\/wp-json\/wp\/v2\/posts\/3014\/revisions"}],"predecessor-version":[{"id":3016,"href":"https:\/\/cooperativaredloslagos.cl\/wp-json\/wp\/v2\/posts\/3014\/revisions\/3016"}],"wp:featuredmedia":[{"embeddable":true,"href":"https:\/\/cooperativaredloslagos.cl\/wp-json\/wp\/v2\/media\/3015"}],"wp:attachment":[{"href":"https:\/\/cooperativaredloslagos.cl\/wp-json\/wp\/v2\/media?parent=3014"}],"wp:term":[{"taxonomy":"category","embeddable":true,"href":"https:\/\/cooperativaredloslagos.cl\/wp-json\/wp\/v2\/categories?post=3014"},{"taxonomy":"post_tag","embeddable":true,"href":"https:\/\/cooperativaredloslagos.cl\/wp-json\/wp\/v2\/tags?post=3014"}],"curies":[{"name":"wp","href":"https:\/\/api.w.org\/{rel}","templated":true}]}}