{"id":3023,"date":"2025-10-20T16:44:03","date_gmt":"2025-10-20T19:44:03","guid":{"rendered":"https:\/\/cooperativaredloslagos.cl\/?p=3023"},"modified":"2025-10-20T16:44:03","modified_gmt":"2025-10-20T19:44:03","slug":"concejo-de-puerto-montt-votara-ordenanza-que-prohibe-a-cuidadores-y-lavadores-informales","status":"publish","type":"post","link":"https:\/\/cooperativaredloslagos.cl\/2025\/10\/20\/concejo-de-puerto-montt-votara-ordenanza-que-prohibe-a-cuidadores-y-lavadores-informales\/","title":{"rendered":"Concejo de Puerto Montt votar\u00e1 ordenanza que proh\u00edbe a cuidadores y lavadores informales"},"content":{"rendered":"\n<p>El <strong>Concejo Municipal de Puerto Montt<\/strong> votar\u00e1 este martes una nueva ordenanza que busca <strong>prohibir las actividades de limpieza de veh\u00edculos y el ejercicio informal de cuidadores o estacionadores en la v\u00eda p\u00fablica<\/strong>, como parte de las acciones municipales orientadas a mejorar la seguridad y el orden urbano en la capital regional.<\/p>\n\n\n\n<p>El texto, que ser\u00e1 analizado en la sesi\u00f3n ordinaria del cuerpo colegiado, <strong>establece excepciones para artistas y malabaristas callejeros<\/strong>, quienes mantienen una mesa de trabajo con el municipio para acreditarse y continuar con sus presentaciones de forma regulada.<\/p>\n\n\n\n<p>La propuesta proh\u00edbe el <strong>lavado de autos, limpieza de vidrios o parabrisas<\/strong> a cambio de propinas o retribuciones econ\u00f3micas, as\u00ed como el <strong>cuidado u orientaci\u00f3n de veh\u00edculos estacionados<\/strong> por parte de personas que no formen parte de la concesi\u00f3n de parqu\u00edmetros.<\/p>\n\n\n\n<p>\u201cEsto corresponde a un <em>master plan<\/em> de seguridad p\u00fablica que busca regular el centro y sus alrededores, mejorando la calidad de vida de los ciudadanos\u201d, se\u00f1al\u00f3 <strong>Osvaldo Emhart<\/strong>, director jur\u00eddico del municipio.<\/p>\n\n\n\n<p>El abogado agreg\u00f3 que en el caso de los artistas urbanos, \u201cse est\u00e1n realizando mesas de trabajo para poder regularlos en un futuro, ya sea mediante esta u otra ordenanza diferenciada, entendiendo las particularidades de su actividad\u201d.<\/p>\n\n\n\n<h3 class=\"wp-block-heading\">Fiscalizaci\u00f3n y sanciones<\/h3>\n\n\n\n<p>La fiscalizaci\u00f3n estar\u00e1 a cargo de <strong>inspectores municipales, la Direcci\u00f3n de Seguridad P\u00fablica y Carabineros de Chile<\/strong>, quienes podr\u00e1n actuar de manera conjunta o separada, cursando las infracciones respectivas al <strong>Juzgado de Polic\u00eda Local<\/strong>.<\/p>\n\n\n\n<p>Las multas contempladas van desde <strong>0,5 hasta 5 Unidades Tributarias Mensuales<\/strong>, equivalentes a entre <strong>$36.000 y $346.000<\/strong>, dependiendo de la gravedad o reiteraci\u00f3n de la infracci\u00f3n.<\/p>\n\n\n\n<p>Esta iniciativa se suma a otras medidas implementadas por la administraci\u00f3n del alcalde <strong>Rodrigo Wainraihgt Galilea<\/strong>, como la <strong>ordenanza que delimita un per\u00edmetro de exclusi\u00f3n para el comercio ambulante<\/strong> en el centro y la <strong>norma sobre expendio y consumo de alcoholes<\/strong>, con el objetivo de construir <strong>una ciudad m\u00e1s limpia, ordenada y segura<\/strong>.<\/p>\n","protected":false},"excerpt":{"rendered":"<p>El Concejo Municipal de Puerto Montt votar\u00e1 este martes una nueva ordenanza que busca prohibir las actividades de limpieza de veh\u00edculos y el ejercicio informal [&hellip;]<\/p>\n","protected":false},"author":1,"featured_media":3024,"comment_status":"closed","ping_status":"","sticky":false,"template":"","format":"standard","meta":{"_monsterinsights_skip_tracking":false,"_monsterinsights_sitenote_active":false,"_monsterinsights_sitenote_note":"","_monsterinsights_sitenote_category":0,"footnotes":""},"categories":[17],"tags":[],"class_list":["post-3023","post","type-post","status-publish","format-standard","has-post-thumbnail","hentry","category-puerto-montt"],"_links":{"self":[{"href":"https:\/\/cooperativaredloslagos.cl\/wp-json\/wp\/v2\/posts\/3023","targetHints":{"allow":["GET"]}}],"collection":[{"href":"https:\/\/cooperativaredloslagos.cl\/wp-json\/wp\/v2\/posts"}],"about":[{"href":"https:\/\/cooperativaredloslagos.cl\/wp-json\/wp\/v2\/types\/post"}],"author":[{"embeddable":true,"href":"https:\/\/cooperativaredloslagos.cl\/wp-json\/wp\/v2\/users\/1"}],"replies":[{"embeddable":true,"href":"https:\/\/cooperativaredloslagos.cl\/wp-json\/wp\/v2\/comments?post=3023"}],"version-history":[{"count":1,"href":"https:\/\/cooperativaredloslagos.cl\/wp-json\/wp\/v2\/posts\/3023\/revisions"}],"predecessor-version":[{"id":3025,"href":"https:\/\/cooperativaredloslagos.cl\/wp-json\/wp\/v2\/posts\/3023\/revisions\/3025"}],"wp:featuredmedia":[{"embeddable":true,"href":"https:\/\/cooperativaredloslagos.cl\/wp-json\/wp\/v2\/media\/3024"}],"wp:attachment":[{"href":"https:\/\/cooperativaredloslagos.cl\/wp-json\/wp\/v2\/media?parent=3023"}],"wp:term":[{"taxonomy":"category","embeddable":true,"href":"https:\/\/cooperativaredloslagos.cl\/wp-json\/wp\/v2\/categories?post=3023"},{"taxonomy":"post_tag","embeddable":true,"href":"https:\/\/cooperativaredloslagos.cl\/wp-json\/wp\/v2\/tags?post=3023"}],"curies":[{"name":"wp","href":"https:\/\/api.w.org\/{rel}","templated":true}]}}