{"id":3088,"date":"2025-10-24T23:21:11","date_gmt":"2025-10-25T02:21:11","guid":{"rendered":"https:\/\/cooperativaredloslagos.cl\/?p=3088"},"modified":"2025-10-24T23:21:11","modified_gmt":"2025-10-25T02:21:11","slug":"transelec-devolvera-us135-millones-cobrados-en-exceso-en-cuentas-de-la-luz","status":"publish","type":"post","link":"https:\/\/cooperativaredloslagos.cl\/2025\/10\/24\/transelec-devolvera-us135-millones-cobrados-en-exceso-en-cuentas-de-la-luz\/","title":{"rendered":"Transelec devolver\u00e1 US$135 millones cobrados en exceso en cuentas de la luz"},"content":{"rendered":"\n<p>El biministro de Econom\u00eda y Energ\u00eda, <strong>\u00c1lvaro Garc\u00eda<\/strong>, anunci\u00f3 que la empresa de transmisi\u00f3n el\u00e9ctrica <strong>Transelec<\/strong> lleg\u00f3 a un acuerdo con el Gobierno para <strong>devolver US$135 millones cobrados en exceso<\/strong> en las tarifas el\u00e9ctricas.<\/p>\n\n\n\n<p>Seg\u00fan explic\u00f3 la autoridad, la medida implicar\u00e1 una <strong>reducci\u00f3n directa en las cuentas de la luz a partir del 1 de enero de 2026<\/strong>, reflejando el descuento correspondiente a la devoluci\u00f3n. Los recursos ser\u00e1n transferidos al <strong>Coordinador Nacional El\u00e9ctrico<\/strong>, encargado de administrarlos e incorporarlos al proceso de <strong>fijaci\u00f3n tarifaria<\/strong> vigente entre enero y junio del pr\u00f3ximo a\u00f1o.<\/p>\n\n\n\n<h3 class=\"wp-block-heading\">Transparencia y fiscalizaci\u00f3n<\/h3>\n\n\n\n<p>Garc\u00eda precis\u00f3 que la informaci\u00f3n sobre la devoluci\u00f3n ser\u00e1 <strong>visible en las boletas de los usuarios<\/strong>, y que se inici\u00f3 un proceso de capacitaci\u00f3n a <strong>organizaciones de consumidores<\/strong> para verificar que los cobros en exceso sean restituidos correctamente.<\/p>\n\n\n\n<p>Respecto de c\u00f3mo se concret\u00f3 el acuerdo antes de la publicaci\u00f3n de la auditor\u00eda instruida por el Coordinador Nacional El\u00e9ctrico, el biministro aclar\u00f3 que los antecedentes fueron revisados por la <strong>Comisi\u00f3n Nacional de Energ\u00eda (CNE)<\/strong>. En caso de que la auditor\u00eda determine un monto superior, <strong>Transelec deber\u00e1 realizar devoluciones adicionales<\/strong>.<\/p>\n\n\n\n<h3 class=\"wp-block-heading\">Generadoras tambi\u00e9n deber\u00e1n restituir cobros<\/h3>\n\n\n\n<p>El Gobierno mantiene conversaciones con las empresas generadoras para determinar el mecanismo de devoluci\u00f3n correspondiente a los <strong>US$115 millones cobrados en exceso<\/strong> producto de una <strong>sobreestimaci\u00f3n del IPC<\/strong> aplicada a sus tarifas.<\/p>\n\n\n\n<p>\u201cQueremos asegurar que los usuarios reciban \u00edntegramente lo que se les cobr\u00f3 de m\u00e1s. No hay negociaci\u00f3n, sino un proceso t\u00e9cnico que busca devolver lo que corresponde\u201d, subray\u00f3 Garc\u00eda, quien adelant\u00f3 que el informe t\u00e9cnico final ser\u00e1 presentado durante los primeros d\u00edas de la pr\u00f3xima semana.<\/p>\n","protected":false},"excerpt":{"rendered":"<p>El biministro de Econom\u00eda y Energ\u00eda, \u00c1lvaro Garc\u00eda, anunci\u00f3 que la empresa de transmisi\u00f3n el\u00e9ctrica Transelec lleg\u00f3 a un acuerdo con el Gobierno para devolver [&hellip;]<\/p>\n","protected":false},"author":1,"featured_media":3089,"comment_status":"closed","ping_status":"","sticky":false,"template":"","format":"standard","meta":{"_monsterinsights_skip_tracking":false,"_monsterinsights_sitenote_active":false,"_monsterinsights_sitenote_note":"","_monsterinsights_sitenote_category":0,"footnotes":""},"categories":[2,3,24],"tags":[],"class_list":["post-3088","post","type-post","status-publish","format-standard","has-post-thumbnail","hentry","category-business","category-economy","category-nacional"],"_links":{"self":[{"href":"https:\/\/cooperativaredloslagos.cl\/wp-json\/wp\/v2\/posts\/3088","targetHints":{"allow":["GET"]}}],"collection":[{"href":"https:\/\/cooperativaredloslagos.cl\/wp-json\/wp\/v2\/posts"}],"about":[{"href":"https:\/\/cooperativaredloslagos.cl\/wp-json\/wp\/v2\/types\/post"}],"author":[{"embeddable":true,"href":"https:\/\/cooperativaredloslagos.cl\/wp-json\/wp\/v2\/users\/1"}],"replies":[{"embeddable":true,"href":"https:\/\/cooperativaredloslagos.cl\/wp-json\/wp\/v2\/comments?post=3088"}],"version-history":[{"count":1,"href":"https:\/\/cooperativaredloslagos.cl\/wp-json\/wp\/v2\/posts\/3088\/revisions"}],"predecessor-version":[{"id":3090,"href":"https:\/\/cooperativaredloslagos.cl\/wp-json\/wp\/v2\/posts\/3088\/revisions\/3090"}],"wp:featuredmedia":[{"embeddable":true,"href":"https:\/\/cooperativaredloslagos.cl\/wp-json\/wp\/v2\/media\/3089"}],"wp:attachment":[{"href":"https:\/\/cooperativaredloslagos.cl\/wp-json\/wp\/v2\/media?parent=3088"}],"wp:term":[{"taxonomy":"category","embeddable":true,"href":"https:\/\/cooperativaredloslagos.cl\/wp-json\/wp\/v2\/categories?post=3088"},{"taxonomy":"post_tag","embeddable":true,"href":"https:\/\/cooperativaredloslagos.cl\/wp-json\/wp\/v2\/tags?post=3088"}],"curies":[{"name":"wp","href":"https:\/\/api.w.org\/{rel}","templated":true}]}}