{"id":3109,"date":"2025-10-27T17:40:10","date_gmt":"2025-10-27T20:40:10","guid":{"rendered":"https:\/\/cooperativaredloslagos.cl\/?p=3109"},"modified":"2025-10-27T17:40:10","modified_gmt":"2025-10-27T20:40:10","slug":"desalojan-toma-en-alerce-norte-80-personas-fueron-retiradas-de-terreno-fiscal","status":"publish","type":"post","link":"https:\/\/cooperativaredloslagos.cl\/2025\/10\/27\/desalojan-toma-en-alerce-norte-80-personas-fueron-retiradas-de-terreno-fiscal\/","title":{"rendered":"Desalojan toma en Alerce Norte: 80 personas fueron retiradas de terreno fiscal"},"content":{"rendered":"\n<p>Un total de <strong>80 personas<\/strong>, entre ellas <strong>19 ni\u00f1os, ni\u00f1as y adolescentes<\/strong> y <strong>cinco adultos mayores<\/strong>, fueron desalojadas la ma\u00f1ana de este lunes desde una toma ubicada en un <strong>terreno fiscal perteneciente al Servicio de Vivienda y Urbanizaci\u00f3n (Serviu)<\/strong>, situado en la intersecci\u00f3n de <strong>avenida Salvador Zurita con Violeta Parra<\/strong>, en el sector <strong>Alerce Norte<\/strong> de Puerto Montt.<\/p>\n\n\n\n<p>La <strong>delegada presidencial regional, Paulina Mu\u00f1oz<\/strong>, explic\u00f3 que la medida fue resultado de un <strong>trabajo planificado y coordinado<\/strong> con distintas instituciones. \u201cSe trata de un trabajo importante, planificado, responsable y serio con respecto a una toma solicitada por el propietario, en este caso el Serviu\u201d, se\u00f1al\u00f3.<\/p>\n\n\n\n<h3 class=\"wp-block-heading\">Planificaci\u00f3n y coordinaci\u00f3n interinstitucional<\/h3>\n\n\n\n<p>El operativo fue el resultado de un proceso iniciado en <strong>enero de este a\u00f1o<\/strong>, a trav\u00e9s de <strong>mesas t\u00e9cnicas<\/strong> integradas por la <strong>Municipalidad de Puerto Montt<\/strong>, Carabineros y distintos servicios p\u00fablicos. El catastro permiti\u00f3 establecer la existencia de <strong>24 construcciones<\/strong>, de las cuales <strong>18 estaban habitadas<\/strong> y fueron retiradas durante la jornada.<\/p>\n\n\n\n<p>Seg\u00fan la delegada, el procedimiento se desarroll\u00f3 de manera tranquila y con la participaci\u00f3n de <strong>Carabineros, Serviu, el Ministerio de Desarrollo Social, la Subsecretar\u00eda de la Ni\u00f1ez y el Servicio Nacional del Adulto Mayor<\/strong>, entre otros organismos. \u201cComo Estado tenemos la responsabilidad de garantizar derechos, pero tambi\u00e9n de hacer cumplir la ley\u201d, enfatiz\u00f3.<\/p>\n\n\n\n<h3 class=\"wp-block-heading\">Situaci\u00f3n social y antecedentes<\/h3>\n\n\n\n<p>En relaci\u00f3n con una posible <strong>venta ilegal de terrenos<\/strong> dentro del predio, Mu\u00f1oz indic\u00f3 que <strong>solo existe una denuncia<\/strong> en curso ante las polic\u00edas y que el <strong>Serviu asumir\u00e1 la causa legal<\/strong>. Agreg\u00f3 que el objetivo es evitar nuevas ocupaciones irregulares y recuperar los espacios para uso comunitario.<\/p>\n\n\n\n<p>La autoridad record\u00f3 que los <strong>vecinos del sector<\/strong> hab\u00edan manifestado su preocupaci\u00f3n por la toma y por los efectos que generaba sobre el entorno, incluyendo la <strong>intervenci\u00f3n del humedal R\u00edo Negro<\/strong>.<\/p>\n\n\n\n<h3 class=\"wp-block-heading\">Pr\u00f3ximos pasos<\/h3>\n\n\n\n<p>Mu\u00f1oz anunci\u00f3 que este desalojo constituye la <strong>primera etapa de una estrategia m\u00e1s amplia<\/strong> de recuperaci\u00f3n de terrenos en la zona de Alerce Norte. Adem\u00e1s, anticip\u00f3 que se trabajar\u00e1 junto a la <strong>Seremi del Medio Ambiente<\/strong>, el <strong>Serviu<\/strong> y el <strong>municipio<\/strong> en la <strong>recuperaci\u00f3n del humedal<\/strong>, con el objetivo de convertirlo en un espacio de uso p\u00fablico.<\/p>\n\n\n\n<p>\u201cQueremos que los vecinos puedan disfrutar de un entorno limpio y seguro, recuperando los espacios naturales para la comunidad\u201d, se\u00f1al\u00f3 la autoridad.<\/p>\n\n\n\n<p>Finalmente, inform\u00f3 que las labores continuar\u00e1n pr\u00f3ximamente en <strong>otro terreno tomado<\/strong> en Alerce Norte, propiedad de <strong>Bienes Nacionales<\/strong>, como parte de la misma estrategia de ordenamiento territorial.<\/p>\n","protected":false},"excerpt":{"rendered":"<p>Un total de 80 personas, entre ellas 19 ni\u00f1os, ni\u00f1as y adolescentes y cinco adultos mayores, fueron desalojadas la ma\u00f1ana de este lunes desde una [&hellip;]<\/p>\n","protected":false},"author":1,"featured_media":3110,"comment_status":"closed","ping_status":"","sticky":false,"template":"","format":"standard","meta":{"_monsterinsights_skip_tracking":false,"_monsterinsights_sitenote_active":false,"_monsterinsights_sitenote_note":"","_monsterinsights_sitenote_category":0,"footnotes":""},"categories":[17,15],"tags":[],"class_list":["post-3109","post","type-post","status-publish","format-standard","has-post-thumbnail","hentry","category-puerto-montt","category-regional"],"_links":{"self":[{"href":"https:\/\/cooperativaredloslagos.cl\/wp-json\/wp\/v2\/posts\/3109","targetHints":{"allow":["GET"]}}],"collection":[{"href":"https:\/\/cooperativaredloslagos.cl\/wp-json\/wp\/v2\/posts"}],"about":[{"href":"https:\/\/cooperativaredloslagos.cl\/wp-json\/wp\/v2\/types\/post"}],"author":[{"embeddable":true,"href":"https:\/\/cooperativaredloslagos.cl\/wp-json\/wp\/v2\/users\/1"}],"replies":[{"embeddable":true,"href":"https:\/\/cooperativaredloslagos.cl\/wp-json\/wp\/v2\/comments?post=3109"}],"version-history":[{"count":1,"href":"https:\/\/cooperativaredloslagos.cl\/wp-json\/wp\/v2\/posts\/3109\/revisions"}],"predecessor-version":[{"id":3111,"href":"https:\/\/cooperativaredloslagos.cl\/wp-json\/wp\/v2\/posts\/3109\/revisions\/3111"}],"wp:featuredmedia":[{"embeddable":true,"href":"https:\/\/cooperativaredloslagos.cl\/wp-json\/wp\/v2\/media\/3110"}],"wp:attachment":[{"href":"https:\/\/cooperativaredloslagos.cl\/wp-json\/wp\/v2\/media?parent=3109"}],"wp:term":[{"taxonomy":"category","embeddable":true,"href":"https:\/\/cooperativaredloslagos.cl\/wp-json\/wp\/v2\/categories?post=3109"},{"taxonomy":"post_tag","embeddable":true,"href":"https:\/\/cooperativaredloslagos.cl\/wp-json\/wp\/v2\/tags?post=3109"}],"curies":[{"name":"wp","href":"https:\/\/api.w.org\/{rel}","templated":true}]}}