{"id":3149,"date":"2025-11-03T11:03:25","date_gmt":"2025-11-03T14:03:25","guid":{"rendered":"https:\/\/cooperativaredloslagos.cl\/?p=3149"},"modified":"2025-11-03T11:03:25","modified_gmt":"2025-11-03T14:03:25","slug":"chile-y-canada-actualizan-su-acuerdo-marco-de-asociacion-estrategica-en-el-marco-de-apec-2025","status":"publish","type":"post","link":"https:\/\/cooperativaredloslagos.cl\/2025\/11\/03\/chile-y-canada-actualizan-su-acuerdo-marco-de-asociacion-estrategica-en-el-marco-de-apec-2025\/","title":{"rendered":"Chile y Canad\u00e1 actualizan su Acuerdo Marco de Asociaci\u00f3n Estrat\u00e9gica en el marco de APEC 2025"},"content":{"rendered":"\n<p>En el contexto del <strong>Foro de Cooperaci\u00f3n Econ\u00f3mica de Asia Pac\u00edfico (APEC)<\/strong>, el presidente <strong>Gabriel Boric<\/strong> y el primer ministro de Canad\u00e1, <strong>Mark Carney<\/strong>, firmaron la <strong>actualizaci\u00f3n del Acuerdo Marco de Asociaci\u00f3n Estrat\u00e9gica entre ambos pa\u00edses<\/strong>, con el objetivo de fortalecer la cooperaci\u00f3n bilateral y responder a los desaf\u00edos globales compartidos.<\/p>\n\n\n\n<p>El acuerdo original fue firmado en <strong>2007<\/strong> y renovado por primera vez en <strong>2013<\/strong>. Esta nueva actualizaci\u00f3n incorpora <strong>nuevos ejes prioritarios<\/strong>, entre ellos la <strong>igualdad de g\u00e9nero, el cambio clim\u00e1tico, los asuntos polares, los minerales cr\u00edticos y la cooperaci\u00f3n en materia ind\u00edgena<\/strong>, junto con un fuerte \u00e9nfasis en el <strong>posicionamiento de los aspectos comerciales<\/strong>.<\/p>\n\n\n\n<p>Durante la ceremonia, el presidente <strong>Gabriel Boric<\/strong> destac\u00f3 el trabajo conjunto entre Chile y Canad\u00e1 en materias de <strong>econom\u00eda verde<\/strong>, <strong>protecci\u00f3n de los oc\u00e9anos<\/strong> y la colaboraci\u00f3n canadiense para que Chile fuera <strong>anfitri\u00f3n del Acuerdo sobre la Biodiversidad Marina m\u00e1s all\u00e1 de la Jurisdicci\u00f3n Nacional (BBNJ)<\/strong>.<\/p>\n\n\n\n<p>Por su parte, el primer ministro <strong>Mark Carney<\/strong> subray\u00f3 que ambos pa\u00edses \u201cmantienen una alianza extraordinaria\u201d, recordando la vigencia del <strong>Tratado de Libre Comercio<\/strong> entre Chile y Canad\u00e1, suscrito en <strong>1997<\/strong> y actualizado en <strong>2017<\/strong>.<\/p>\n\n\n\n<p>Con esta actualizaci\u00f3n, ambas naciones inician una <strong>nueva etapa en su relaci\u00f3n bilateral<\/strong>, orientada a <strong>diversificar alianzas pol\u00edticas y econ\u00f3micas<\/strong>, reafirmando su compromiso con el desarrollo sostenible y el fortalecimiento de una econom\u00eda global m\u00e1s equitativa y resiliente.<\/p>\n","protected":false},"excerpt":{"rendered":"<p>En el contexto del Foro de Cooperaci\u00f3n Econ\u00f3mica de Asia Pac\u00edfico (APEC), el presidente Gabriel Boric y el primer ministro de Canad\u00e1, Mark Carney, firmaron [&hellip;]<\/p>\n","protected":false},"author":1,"featured_media":3150,"comment_status":"closed","ping_status":"","sticky":false,"template":"","format":"standard","meta":{"_monsterinsights_skip_tracking":false,"_monsterinsights_sitenote_active":false,"_monsterinsights_sitenote_note":"","_monsterinsights_sitenote_category":0,"footnotes":""},"categories":[2,3,24],"tags":[],"class_list":["post-3149","post","type-post","status-publish","format-standard","has-post-thumbnail","hentry","category-business","category-economy","category-nacional"],"_links":{"self":[{"href":"https:\/\/cooperativaredloslagos.cl\/wp-json\/wp\/v2\/posts\/3149","targetHints":{"allow":["GET"]}}],"collection":[{"href":"https:\/\/cooperativaredloslagos.cl\/wp-json\/wp\/v2\/posts"}],"about":[{"href":"https:\/\/cooperativaredloslagos.cl\/wp-json\/wp\/v2\/types\/post"}],"author":[{"embeddable":true,"href":"https:\/\/cooperativaredloslagos.cl\/wp-json\/wp\/v2\/users\/1"}],"replies":[{"embeddable":true,"href":"https:\/\/cooperativaredloslagos.cl\/wp-json\/wp\/v2\/comments?post=3149"}],"version-history":[{"count":1,"href":"https:\/\/cooperativaredloslagos.cl\/wp-json\/wp\/v2\/posts\/3149\/revisions"}],"predecessor-version":[{"id":3151,"href":"https:\/\/cooperativaredloslagos.cl\/wp-json\/wp\/v2\/posts\/3149\/revisions\/3151"}],"wp:featuredmedia":[{"embeddable":true,"href":"https:\/\/cooperativaredloslagos.cl\/wp-json\/wp\/v2\/media\/3150"}],"wp:attachment":[{"href":"https:\/\/cooperativaredloslagos.cl\/wp-json\/wp\/v2\/media?parent=3149"}],"wp:term":[{"taxonomy":"category","embeddable":true,"href":"https:\/\/cooperativaredloslagos.cl\/wp-json\/wp\/v2\/categories?post=3149"},{"taxonomy":"post_tag","embeddable":true,"href":"https:\/\/cooperativaredloslagos.cl\/wp-json\/wp\/v2\/tags?post=3149"}],"curies":[{"name":"wp","href":"https:\/\/api.w.org\/{rel}","templated":true}]}}