{"id":3187,"date":"2025-11-05T11:49:36","date_gmt":"2025-11-05T14:49:36","guid":{"rendered":"https:\/\/cooperativaredloslagos.cl\/?p=3187"},"modified":"2025-11-05T11:49:36","modified_gmt":"2025-11-05T14:49:36","slug":"ministra-vallejo-afirma-que-lideres-del-tren-de-aragua-ingresaron-a-chile-con-visa-durante-el-segundo-gobierno-de-pinera","status":"publish","type":"post","link":"https:\/\/cooperativaredloslagos.cl\/2025\/11\/05\/ministra-vallejo-afirma-que-lideres-del-tren-de-aragua-ingresaron-a-chile-con-visa-durante-el-segundo-gobierno-de-pinera\/","title":{"rendered":"Ministra Vallejo afirma que l\u00edderes del Tren de Aragua ingresaron a Chile con visa durante el segundo gobierno de Pi\u00f1era"},"content":{"rendered":"\n<p>La <strong>ministra vocera de Gobierno, Camila Vallejo<\/strong>, asegur\u00f3 que los principales l\u00edderes del <strong>Tren de Aragua<\/strong> ingresaron a Chile durante el <strong>segundo mandato del expresidente Sebasti\u00e1n Pi\u00f1era<\/strong>, portando <strong>visas de residencia<\/strong> otorgadas entre los a\u00f1os <strong>2018 y 2019<\/strong>.<\/p>\n\n\n\n<p>En conversaci\u00f3n con <strong>Radio Futuro<\/strong>, la secretaria de Estado explic\u00f3 que \u201c<strong>llegaron aqu\u00ed los principales l\u00edderes del Tren de Aragua, lamentablemente, con visa<\/strong>, entre los a\u00f1os 2018 y 2019. Desde entonces empez\u00f3 a instalarse con mucha fuerza un tipo de delito que no hab\u00edamos visto, que adem\u00e1s se mueve por la regi\u00f3n y a trav\u00e9s de las fronteras\u201d.<\/p>\n\n\n\n<p>Vallejo precis\u00f3 que los cabecillas de la organizaci\u00f3n criminal venezolana ingresaron formalmente al pa\u00eds con <strong>visas de residencia temporal<\/strong>, citando \u201c<strong>el caso de Larry Changa y muchos de los que tenemos detenidos<\/strong>\u201d.<\/p>\n\n\n\n<p>Asimismo, la ministra destac\u00f3 los avances del actual Gobierno en el combate a la criminalidad organizada, se\u00f1alando que \u201c<strong>tenemos 400 miembros del Tren de Aragua ya detenidos<\/strong>, pero el principal ingreso comenz\u00f3 el 2018 y 2019\u201d.<\/p>\n\n\n\n<p>Finalmente, enfatiz\u00f3 que al asumir el actual Gobierno se encontraron con una situaci\u00f3n migratoria desbordada:<\/p>\n\n\n\n<blockquote class=\"wp-block-quote is-layout-flow wp-block-quote-is-layout-flow\">\n<p>\u201cCuando llegamos al Gobierno, la inmigraci\u00f3n irregular hab\u00eda aumentado m\u00e1s de 700% entre 2018 y 2021\u201d, puntualiz\u00f3 Vallejo.<\/p>\n<\/blockquote>\n\n\n\n<p>La vocera subray\u00f3 que el Ejecutivo continuar\u00e1 reforzando las <strong>pol\u00edticas de control fronterizo, persecuci\u00f3n penal y coordinaci\u00f3n internacional<\/strong>, en el marco del <strong>Plan Nacional contra el Crimen Organizado<\/strong> impulsado por el Ministerio del Interior.<\/p>\n","protected":false},"excerpt":{"rendered":"<p>La ministra vocera de Gobierno, Camila Vallejo, asegur\u00f3 que los principales l\u00edderes del Tren de Aragua ingresaron a Chile durante el segundo mandato del expresidente [&hellip;]<\/p>\n","protected":false},"author":1,"featured_media":3188,"comment_status":"closed","ping_status":"","sticky":false,"template":"","format":"standard","meta":{"_monsterinsights_skip_tracking":false,"_monsterinsights_sitenote_active":false,"_monsterinsights_sitenote_note":"","_monsterinsights_sitenote_category":0,"footnotes":""},"categories":[24,6],"tags":[],"class_list":["post-3187","post","type-post","status-publish","format-standard","has-post-thumbnail","hentry","category-nacional","category-politics"],"_links":{"self":[{"href":"https:\/\/cooperativaredloslagos.cl\/wp-json\/wp\/v2\/posts\/3187","targetHints":{"allow":["GET"]}}],"collection":[{"href":"https:\/\/cooperativaredloslagos.cl\/wp-json\/wp\/v2\/posts"}],"about":[{"href":"https:\/\/cooperativaredloslagos.cl\/wp-json\/wp\/v2\/types\/post"}],"author":[{"embeddable":true,"href":"https:\/\/cooperativaredloslagos.cl\/wp-json\/wp\/v2\/users\/1"}],"replies":[{"embeddable":true,"href":"https:\/\/cooperativaredloslagos.cl\/wp-json\/wp\/v2\/comments?post=3187"}],"version-history":[{"count":1,"href":"https:\/\/cooperativaredloslagos.cl\/wp-json\/wp\/v2\/posts\/3187\/revisions"}],"predecessor-version":[{"id":3189,"href":"https:\/\/cooperativaredloslagos.cl\/wp-json\/wp\/v2\/posts\/3187\/revisions\/3189"}],"wp:featuredmedia":[{"embeddable":true,"href":"https:\/\/cooperativaredloslagos.cl\/wp-json\/wp\/v2\/media\/3188"}],"wp:attachment":[{"href":"https:\/\/cooperativaredloslagos.cl\/wp-json\/wp\/v2\/media?parent=3187"}],"wp:term":[{"taxonomy":"category","embeddable":true,"href":"https:\/\/cooperativaredloslagos.cl\/wp-json\/wp\/v2\/categories?post=3187"},{"taxonomy":"post_tag","embeddable":true,"href":"https:\/\/cooperativaredloslagos.cl\/wp-json\/wp\/v2\/tags?post=3187"}],"curies":[{"name":"wp","href":"https:\/\/api.w.org\/{rel}","templated":true}]}}