{"id":3200,"date":"2025-11-06T13:19:55","date_gmt":"2025-11-06T16:19:55","guid":{"rendered":"https:\/\/cooperativaredloslagos.cl\/?p=3200"},"modified":"2025-11-06T13:19:55","modified_gmt":"2025-11-06T16:19:55","slug":"hospital-de-fresia-fortalece-deteccion-temprana-de-cancer-con-nuevo-equipo-sentifob","status":"publish","type":"post","link":"https:\/\/cooperativaredloslagos.cl\/2025\/11\/06\/hospital-de-fresia-fortalece-deteccion-temprana-de-cancer-con-nuevo-equipo-sentifob\/","title":{"rendered":"Hospital de Fresia fortalece detecci\u00f3n temprana de c\u00e1ncer con nuevo equipo SentiFob"},"content":{"rendered":"\n<p>Con la llegada del moderno equipo <strong>SentiFob<\/strong>, el <strong>Ministerio de Salud<\/strong> contin\u00faa fortaleciendo el <strong>Plan Nacional del C\u00e1ncer<\/strong> en el <strong>Hospital de Fresia<\/strong>, incorporando tecnolog\u00eda que permitir\u00e1 mejorar la <strong>detecci\u00f3n temprana del c\u00e1ncer de recto y colon<\/strong>.<\/p>\n\n\n\n<p>El dispositivo, que comenzar\u00e1 a procesar muestras durante noviembre, permite <strong>cuantificar la presencia de sangre en las heces<\/strong>, determinando el grado de probabilidad de que un usuario pueda presentar indicios de c\u00e1ncer. Seg\u00fan el resultado, los pacientes son <strong>derivados de manera prioritaria a ex\u00e1menes complementarios<\/strong>, como la colonoscop\u00eda.<\/p>\n\n\n\n<p>El <strong>subdirector de Gesti\u00f3n Asistencial del Servicio de Salud del Reloncav\u00ed<\/strong>, <strong>doctor Marco Balkenhol<\/strong>, destac\u00f3 la importancia de contar con esta tecnolog\u00eda en la red p\u00fablica, subrayando que <strong>\u201cla realizaci\u00f3n del diagn\u00f3stico oportuno es clave para salvar vidas y avanzar en equidad territorial en salud\u201d<\/strong>.<\/p>\n\n\n\n<p>La incorporaci\u00f3n del SentiFob refuerza el compromiso del sistema de salud con la <strong>detecci\u00f3n precoz y la descentralizaci\u00f3n de la atenci\u00f3n oncol\u00f3gica<\/strong>, acercando herramientas diagn\u00f3sticas avanzadas a las comunas rurales de la Regi\u00f3n de Los Lagos.<\/p>\n","protected":false},"excerpt":{"rendered":"<p>Con la llegada del moderno equipo SentiFob, el Ministerio de Salud contin\u00faa fortaleciendo el Plan Nacional del C\u00e1ncer en el Hospital de Fresia, incorporando tecnolog\u00eda [&hellip;]<\/p>\n","protected":false},"author":1,"featured_media":3201,"comment_status":"closed","ping_status":"","sticky":false,"template":"","format":"standard","meta":{"_monsterinsights_skip_tracking":false,"_monsterinsights_sitenote_active":false,"_monsterinsights_sitenote_note":"","_monsterinsights_sitenote_category":0,"footnotes":""},"categories":[37,15,16,4],"tags":[],"class_list":["post-3200","post","type-post","status-publish","format-standard","has-post-thumbnail","hentry","category-fresia","category-regional","category-salud","category-lifestyle"],"_links":{"self":[{"href":"https:\/\/cooperativaredloslagos.cl\/wp-json\/wp\/v2\/posts\/3200","targetHints":{"allow":["GET"]}}],"collection":[{"href":"https:\/\/cooperativaredloslagos.cl\/wp-json\/wp\/v2\/posts"}],"about":[{"href":"https:\/\/cooperativaredloslagos.cl\/wp-json\/wp\/v2\/types\/post"}],"author":[{"embeddable":true,"href":"https:\/\/cooperativaredloslagos.cl\/wp-json\/wp\/v2\/users\/1"}],"replies":[{"embeddable":true,"href":"https:\/\/cooperativaredloslagos.cl\/wp-json\/wp\/v2\/comments?post=3200"}],"version-history":[{"count":1,"href":"https:\/\/cooperativaredloslagos.cl\/wp-json\/wp\/v2\/posts\/3200\/revisions"}],"predecessor-version":[{"id":3202,"href":"https:\/\/cooperativaredloslagos.cl\/wp-json\/wp\/v2\/posts\/3200\/revisions\/3202"}],"wp:featuredmedia":[{"embeddable":true,"href":"https:\/\/cooperativaredloslagos.cl\/wp-json\/wp\/v2\/media\/3201"}],"wp:attachment":[{"href":"https:\/\/cooperativaredloslagos.cl\/wp-json\/wp\/v2\/media?parent=3200"}],"wp:term":[{"taxonomy":"category","embeddable":true,"href":"https:\/\/cooperativaredloslagos.cl\/wp-json\/wp\/v2\/categories?post=3200"},{"taxonomy":"post_tag","embeddable":true,"href":"https:\/\/cooperativaredloslagos.cl\/wp-json\/wp\/v2\/tags?post=3200"}],"curies":[{"name":"wp","href":"https:\/\/api.w.org\/{rel}","templated":true}]}}