{"id":3212,"date":"2025-11-07T10:22:28","date_gmt":"2025-11-07T13:22:28","guid":{"rendered":"https:\/\/cooperativaredloslagos.cl\/?p=3212"},"modified":"2025-11-07T10:22:28","modified_gmt":"2025-11-07T13:22:28","slug":"a-lo-donald-trump-kast-realiza-cierre-de-campana-en-vina-del-mar-con-vidrio-blindado","status":"publish","type":"post","link":"https:\/\/cooperativaredloslagos.cl\/2025\/11\/07\/a-lo-donald-trump-kast-realiza-cierre-de-campana-en-vina-del-mar-con-vidrio-blindado\/","title":{"rendered":"A lo Donald Trump: Kast realiza cierre de campa\u00f1a en Vi\u00f1a del Mar con vidrio blindado"},"content":{"rendered":"\n<p>El <strong>candidato presidencial del Partido Republicano, Jos\u00e9 Antonio Kast<\/strong>, realiz\u00f3 este jueves su <strong>cierre de campa\u00f1a<\/strong> en la ciudad de <strong>Vi\u00f1a del Mar<\/strong>, en una actividad que llam\u00f3 la atenci\u00f3n por una in\u00e9dita medida de seguridad: el exparlamentario <strong>dio su discurso detr\u00e1s de un vidrio blindado<\/strong>, similar al utilizado por el presidente de Estados Unidos, Donald Trump.<\/p>\n\n\n\n<p>Desde el comando del candidato explicaron que la decisi\u00f3n se adopt\u00f3 debido a que se trataba de <strong>la primera actividad en un espacio p\u00fablico abierto<\/strong> durante el cierre de campa\u00f1a.<\/p>\n\n\n\n<blockquote class=\"wp-block-quote is-layout-flow wp-block-quote-is-layout-flow\">\n<p>\u201cSe tomaron medidas adicionales de seguridad en consideraci\u00f3n a la contingencia y el nivel de protecci\u00f3n que se requiere\u201d, se\u00f1alaron desde el equipo de Kast.<\/p>\n<\/blockquote>\n\n\n\n<p>La estructura de protecci\u00f3n fue instalada frente al escenario principal del acto pol\u00edtico, permitiendo al candidato dirigirse a sus adherentes sin interrumpir el desarrollo del evento.<\/p>\n\n\n\n<p>Se trata de <strong>la primera vez que un pol\u00edtico chileno utiliza una estructura blindada<\/strong> para entregar un discurso en un espacio abierto, marcando un hecho in\u00e9dito en las campa\u00f1as presidenciales del pa\u00eds.<\/p>\n","protected":false},"excerpt":{"rendered":"<p>El candidato presidencial del Partido Republicano, Jos\u00e9 Antonio Kast, realiz\u00f3 este jueves su cierre de campa\u00f1a en la ciudad de Vi\u00f1a del Mar, en una [&hellip;]<\/p>\n","protected":false},"author":1,"featured_media":3213,"comment_status":"closed","ping_status":"","sticky":false,"template":"","format":"standard","meta":{"_monsterinsights_skip_tracking":false,"_monsterinsights_sitenote_active":false,"_monsterinsights_sitenote_note":"","_monsterinsights_sitenote_category":0,"footnotes":""},"categories":[24,6],"tags":[],"class_list":["post-3212","post","type-post","status-publish","format-standard","has-post-thumbnail","hentry","category-nacional","category-politics"],"_links":{"self":[{"href":"https:\/\/cooperativaredloslagos.cl\/wp-json\/wp\/v2\/posts\/3212","targetHints":{"allow":["GET"]}}],"collection":[{"href":"https:\/\/cooperativaredloslagos.cl\/wp-json\/wp\/v2\/posts"}],"about":[{"href":"https:\/\/cooperativaredloslagos.cl\/wp-json\/wp\/v2\/types\/post"}],"author":[{"embeddable":true,"href":"https:\/\/cooperativaredloslagos.cl\/wp-json\/wp\/v2\/users\/1"}],"replies":[{"embeddable":true,"href":"https:\/\/cooperativaredloslagos.cl\/wp-json\/wp\/v2\/comments?post=3212"}],"version-history":[{"count":1,"href":"https:\/\/cooperativaredloslagos.cl\/wp-json\/wp\/v2\/posts\/3212\/revisions"}],"predecessor-version":[{"id":3214,"href":"https:\/\/cooperativaredloslagos.cl\/wp-json\/wp\/v2\/posts\/3212\/revisions\/3214"}],"wp:featuredmedia":[{"embeddable":true,"href":"https:\/\/cooperativaredloslagos.cl\/wp-json\/wp\/v2\/media\/3213"}],"wp:attachment":[{"href":"https:\/\/cooperativaredloslagos.cl\/wp-json\/wp\/v2\/media?parent=3212"}],"wp:term":[{"taxonomy":"category","embeddable":true,"href":"https:\/\/cooperativaredloslagos.cl\/wp-json\/wp\/v2\/categories?post=3212"},{"taxonomy":"post_tag","embeddable":true,"href":"https:\/\/cooperativaredloslagos.cl\/wp-json\/wp\/v2\/tags?post=3212"}],"curies":[{"name":"wp","href":"https:\/\/api.w.org\/{rel}","templated":true}]}}