{"id":3222,"date":"2025-11-09T14:41:31","date_gmt":"2025-11-09T17:41:31","guid":{"rendered":"https:\/\/cooperativaredloslagos.cl\/?p=3222"},"modified":"2025-11-09T14:41:31","modified_gmt":"2025-11-09T17:41:31","slug":"una-persona-resulto-lesionada-tras-explosion-de-gas-en-panaderia-de-poblacion-bosquemar","status":"publish","type":"post","link":"https:\/\/cooperativaredloslagos.cl\/2025\/11\/09\/una-persona-resulto-lesionada-tras-explosion-de-gas-en-panaderia-de-poblacion-bosquemar\/","title":{"rendered":"Una persona result\u00f3 lesionada tras explosi\u00f3n de gas en panader\u00eda de poblaci\u00f3n Bosquemar"},"content":{"rendered":"\n<p><strong>Un hombre de 25 a\u00f1os result\u00f3 con lesiones producto de una explosi\u00f3n de gas ocurrida durante la madrugada de este domingo en una panader\u00eda ubicada en la poblaci\u00f3n Bosquemar de Puerto Montt.<\/strong><\/p>\n\n\n\n<p>La emergencia moviliz\u00f3 a personal voluntario de la <strong>Cuarta, Quinta y Sexta compa\u00f1\u00edas del Cuerpo de Bomberos<\/strong>, tras recibir el llamado por un principio de incendio en el sector. Al llegar al lugar, los equipos constataron que se trataba de una <strong>explosi\u00f3n provocada por un bal\u00f3n de gas<\/strong>, que gener\u00f3 da\u00f1os estructurales menores.<\/p>\n\n\n\n<p>Producto del incidente, <strong>una persona de 25 a\u00f1os result\u00f3 herida<\/strong> y fue trasladada hasta un centro asistencial para recibir atenci\u00f3n m\u00e9dica.<\/p>\n\n\n\n<p>Bomberos logr\u00f3 controlar r\u00e1pidamente la situaci\u00f3n, evitando que el siniestro se propagara a inmuebles colindantes.<\/p>\n","protected":false},"excerpt":{"rendered":"<p>Un hombre de 25 a\u00f1os result\u00f3 con lesiones producto de una explosi\u00f3n de gas ocurrida durante la madrugada de este domingo en una panader\u00eda ubicada [&hellip;]<\/p>\n","protected":false},"author":1,"featured_media":3223,"comment_status":"closed","ping_status":"","sticky":false,"template":"","format":"standard","meta":{"_monsterinsights_skip_tracking":false,"_monsterinsights_sitenote_active":false,"_monsterinsights_sitenote_note":"","_monsterinsights_sitenote_category":0,"footnotes":""},"categories":[17,15],"tags":[],"class_list":["post-3222","post","type-post","status-publish","format-standard","has-post-thumbnail","hentry","category-puerto-montt","category-regional"],"_links":{"self":[{"href":"https:\/\/cooperativaredloslagos.cl\/wp-json\/wp\/v2\/posts\/3222","targetHints":{"allow":["GET"]}}],"collection":[{"href":"https:\/\/cooperativaredloslagos.cl\/wp-json\/wp\/v2\/posts"}],"about":[{"href":"https:\/\/cooperativaredloslagos.cl\/wp-json\/wp\/v2\/types\/post"}],"author":[{"embeddable":true,"href":"https:\/\/cooperativaredloslagos.cl\/wp-json\/wp\/v2\/users\/1"}],"replies":[{"embeddable":true,"href":"https:\/\/cooperativaredloslagos.cl\/wp-json\/wp\/v2\/comments?post=3222"}],"version-history":[{"count":1,"href":"https:\/\/cooperativaredloslagos.cl\/wp-json\/wp\/v2\/posts\/3222\/revisions"}],"predecessor-version":[{"id":3224,"href":"https:\/\/cooperativaredloslagos.cl\/wp-json\/wp\/v2\/posts\/3222\/revisions\/3224"}],"wp:featuredmedia":[{"embeddable":true,"href":"https:\/\/cooperativaredloslagos.cl\/wp-json\/wp\/v2\/media\/3223"}],"wp:attachment":[{"href":"https:\/\/cooperativaredloslagos.cl\/wp-json\/wp\/v2\/media?parent=3222"}],"wp:term":[{"taxonomy":"category","embeddable":true,"href":"https:\/\/cooperativaredloslagos.cl\/wp-json\/wp\/v2\/categories?post=3222"},{"taxonomy":"post_tag","embeddable":true,"href":"https:\/\/cooperativaredloslagos.cl\/wp-json\/wp\/v2\/tags?post=3222"}],"curies":[{"name":"wp","href":"https:\/\/api.w.org\/{rel}","templated":true}]}}