{"id":3231,"date":"2025-11-10T11:38:02","date_gmt":"2025-11-10T14:38:02","guid":{"rendered":"https:\/\/cooperativaredloslagos.cl\/?p=3231"},"modified":"2025-11-10T11:38:02","modified_gmt":"2025-11-10T14:38:02","slug":"realizan-operativo-nocturno-de-rescate-en-el-parque-nacional-alerce-andino","status":"publish","type":"post","link":"https:\/\/cooperativaredloslagos.cl\/2025\/11\/10\/realizan-operativo-nocturno-de-rescate-en-el-parque-nacional-alerce-andino\/","title":{"rendered":"Realizan operativo nocturno de rescate en el Parque Nacional Alerce Andino"},"content":{"rendered":"\n<p><strong>Durante la noche del s\u00e1bado y la madrugada del domingo se desarroll\u00f3 un amplio operativo de rescate en el sector Laguna Tri\u00e1ngulo del Parque Nacional Alerce Andino<\/strong>, luego de que una mujer sufriera un esguince de tobillo que le impidi\u00f3 continuar su descenso por el \u00e1rea silvestre.<\/p>\n\n\n\n<p>Los equipos de emergencia <strong>recorrieron cerca de 8 kil\u00f3metros de sendero desde el acceso por el sector Chaicas hasta la guarder\u00eda de CONAF<\/strong>, totalizando <strong>16 kil\u00f3metros entre ida y regreso<\/strong>. La operaci\u00f3n concluy\u00f3 pasadas las <strong>02:30 horas<\/strong>, cuando la afectada fue entregada a personal del <strong>SAMU<\/strong> para su evaluaci\u00f3n m\u00e9dica.<\/p>\n\n\n\n<p>El procedimiento que cont\u00f3 con la participaci\u00f3n de <strong>CONAF, Bomberos y personal de emergencia<\/strong> se llev\u00f3 a cabo en <strong>condiciones de baja visibilidad y terreno complejo<\/strong>, destacando la coordinaci\u00f3n entre los equipos para asegurar una evacuaci\u00f3n exitosa.<\/p>\n","protected":false},"excerpt":{"rendered":"<p>Durante la noche del s\u00e1bado y la madrugada del domingo se desarroll\u00f3 un amplio operativo de rescate en el sector Laguna Tri\u00e1ngulo del Parque Nacional [&hellip;]<\/p>\n","protected":false},"author":1,"featured_media":3232,"comment_status":"closed","ping_status":"","sticky":false,"template":"","format":"standard","meta":{"_monsterinsights_skip_tracking":false,"_monsterinsights_sitenote_active":false,"_monsterinsights_sitenote_note":"","_monsterinsights_sitenote_category":0,"footnotes":""},"categories":[17],"tags":[],"class_list":["post-3231","post","type-post","status-publish","format-standard","has-post-thumbnail","hentry","category-puerto-montt"],"_links":{"self":[{"href":"https:\/\/cooperativaredloslagos.cl\/wp-json\/wp\/v2\/posts\/3231","targetHints":{"allow":["GET"]}}],"collection":[{"href":"https:\/\/cooperativaredloslagos.cl\/wp-json\/wp\/v2\/posts"}],"about":[{"href":"https:\/\/cooperativaredloslagos.cl\/wp-json\/wp\/v2\/types\/post"}],"author":[{"embeddable":true,"href":"https:\/\/cooperativaredloslagos.cl\/wp-json\/wp\/v2\/users\/1"}],"replies":[{"embeddable":true,"href":"https:\/\/cooperativaredloslagos.cl\/wp-json\/wp\/v2\/comments?post=3231"}],"version-history":[{"count":1,"href":"https:\/\/cooperativaredloslagos.cl\/wp-json\/wp\/v2\/posts\/3231\/revisions"}],"predecessor-version":[{"id":3233,"href":"https:\/\/cooperativaredloslagos.cl\/wp-json\/wp\/v2\/posts\/3231\/revisions\/3233"}],"wp:featuredmedia":[{"embeddable":true,"href":"https:\/\/cooperativaredloslagos.cl\/wp-json\/wp\/v2\/media\/3232"}],"wp:attachment":[{"href":"https:\/\/cooperativaredloslagos.cl\/wp-json\/wp\/v2\/media?parent=3231"}],"wp:term":[{"taxonomy":"category","embeddable":true,"href":"https:\/\/cooperativaredloslagos.cl\/wp-json\/wp\/v2\/categories?post=3231"},{"taxonomy":"post_tag","embeddable":true,"href":"https:\/\/cooperativaredloslagos.cl\/wp-json\/wp\/v2\/tags?post=3231"}],"curies":[{"name":"wp","href":"https:\/\/api.w.org\/{rel}","templated":true}]}}