{"id":3234,"date":"2025-11-10T11:50:40","date_gmt":"2025-11-10T14:50:40","guid":{"rendered":"https:\/\/cooperativaredloslagos.cl\/?p=3234"},"modified":"2025-11-10T11:50:40","modified_gmt":"2025-11-10T14:50:40","slug":"sergio-micco-presento-su-libro-sobre-el-estallido-social-en-puerto-montt-y-puerto-varas","status":"publish","type":"post","link":"https:\/\/cooperativaredloslagos.cl\/2025\/11\/10\/sergio-micco-presento-su-libro-sobre-el-estallido-social-en-puerto-montt-y-puerto-varas\/","title":{"rendered":"Sergio Micco present\u00f3 su libro sobre el estallido social en Puerto Montt y Puerto Varas"},"content":{"rendered":"\n<p><strong>En encuentros organizados por Fundaci\u00f3n Gente del Sur, el exdirector del INDH comparti\u00f3 su reflexi\u00f3n sobre la crisis de 2019, destacando sus implicancias sociales, \u00e9ticas y pol\u00edticas.<\/strong><\/p>\n\n\n\n<p>En un pa\u00eds que sigue intentando comprender las fracturas del estallido social de 2019, el exdirector del Instituto Nacional de Derechos Humanos (<strong>INDH<\/strong>), <strong>Sergio Micco<\/strong>, present\u00f3 en Puerto Montt y Puerto Varas su libro <em>\u201cOcurri\u00f3 en Octubre: Diario del Estallido y mi paso por el INDH\u201d<\/em>.<\/p>\n\n\n\n<p>La obra, publicada por <strong>Ediciones UC<\/strong>, es una cr\u00f3nica personal y documentada sobre los d\u00edas m\u00e1s intensos de la crisis social que remeci\u00f3 a Chile. Con m\u00e1s de <strong>350 p\u00e1ginas y 954 fuentes directas<\/strong>, combina cr\u00f3nica, an\u00e1lisis pol\u00edtico y reflexi\u00f3n filos\u00f3fica, buscando invitar al debate informado sobre el futuro de la democracia chilena.<\/p>\n\n\n\n<p>Las presentaciones fueron organizadas por la <strong>Fundaci\u00f3n Gente del Sur<\/strong> y se realizaron en el <strong>auditorio de la Caja de Compensaci\u00f3n Los H\u00e9roes<\/strong> en Puerto Montt y en la <strong>Galer\u00eda de Arte Bosque Nativo<\/strong> en Puerto Varas. En ambas actividades participaron el escritor y columnista <strong>Cristi\u00e1n Warnken<\/strong>, la comunicadora <strong>Roc\u00edo Gambra<\/strong> y el director ejecutivo de la fundaci\u00f3n, <strong>Hardy Knittel<\/strong>, quien moder\u00f3 los encuentros.<\/p>\n\n\n\n<p>\u201cUno de los objetivos de Gente del Sur es promover el debate y el di\u00e1logo. Es un privilegio presentar <em>Ocurri\u00f3 en Octubre<\/em>, donde Sergio Micco recoge sus reflexiones y la historia de lo que efectivamente ocurri\u00f3. Es un libro de enorme profundidad, realmente vale la pena leerlo\u201d, se\u00f1al\u00f3 Knittel.<\/p>\n\n\n\n<p>Warnken, por su parte, defini\u00f3 la obra como \u201cuna bit\u00e1cora fundamental, no solo de lo que ocurri\u00f3 en octubre, sino tambi\u00e9n una puerta para conocer a Sergio Micco: un ser humano que debi\u00f3 enfrentarse a dilemas radicales en un momento de confusi\u00f3n y extrav\u00edo nacional\u201d.<\/p>\n\n\n\n<p>Micco, abogado y doctor en Filosof\u00eda, dirigi\u00f3 el INDH entre <strong>2019 y 2022<\/strong>. En su libro reconstruye los dilemas \u00e9ticos, pol\u00edticos y humanos vividos desde el interior de la instituci\u00f3n durante el estallido. \u201cHoy, de cada cinco chilenos, cuatro guardan un muy mal recuerdo de octubre. Por eso las preguntas: \u00bfqu\u00e9 pas\u00f3?, \u00bfpor qu\u00e9 pas\u00f3? y \u00bfqu\u00e9 debemos hacer para que no vuelva a pasar? son fundamentales. Por eso escrib\u00ed este libro\u201d, afirm\u00f3 el autor.<\/p>\n\n\n\n<p>El texto incluye documentos, declaraciones y fuentes primarias. \u201cEl libro contiene mis interpretaciones, pero si alguien quiere ir a los hechos, ah\u00ed est\u00e1 toda la informaci\u00f3n: la acusaci\u00f3n constitucional, lo que dijeron o no dijeron los actores pol\u00edticos y sociales. As\u00ed cada lector puede formar su propia opini\u00f3n\u201d, concluy\u00f3 Micco.<\/p>\n\n\n\n<p><\/p>\n","protected":false},"excerpt":{"rendered":"<p>En encuentros organizados por Fundaci\u00f3n Gente del Sur, el exdirector del INDH comparti\u00f3 su reflexi\u00f3n sobre la crisis de 2019, destacando sus implicancias sociales, \u00e9ticas [&hellip;]<\/p>\n","protected":false},"author":1,"featured_media":3235,"comment_status":"closed","ping_status":"","sticky":false,"template":"","format":"standard","meta":{"_monsterinsights_skip_tracking":false,"_monsterinsights_sitenote_active":false,"_monsterinsights_sitenote_note":"","_monsterinsights_sitenote_category":0,"footnotes":""},"categories":[32,24,17,30],"tags":[],"class_list":["post-3234","post","type-post","status-publish","format-standard","has-post-thumbnail","hentry","category-cultura","category-nacional","category-puerto-montt","category-puerto-varas"],"_links":{"self":[{"href":"https:\/\/cooperativaredloslagos.cl\/wp-json\/wp\/v2\/posts\/3234","targetHints":{"allow":["GET"]}}],"collection":[{"href":"https:\/\/cooperativaredloslagos.cl\/wp-json\/wp\/v2\/posts"}],"about":[{"href":"https:\/\/cooperativaredloslagos.cl\/wp-json\/wp\/v2\/types\/post"}],"author":[{"embeddable":true,"href":"https:\/\/cooperativaredloslagos.cl\/wp-json\/wp\/v2\/users\/1"}],"replies":[{"embeddable":true,"href":"https:\/\/cooperativaredloslagos.cl\/wp-json\/wp\/v2\/comments?post=3234"}],"version-history":[{"count":1,"href":"https:\/\/cooperativaredloslagos.cl\/wp-json\/wp\/v2\/posts\/3234\/revisions"}],"predecessor-version":[{"id":3236,"href":"https:\/\/cooperativaredloslagos.cl\/wp-json\/wp\/v2\/posts\/3234\/revisions\/3236"}],"wp:featuredmedia":[{"embeddable":true,"href":"https:\/\/cooperativaredloslagos.cl\/wp-json\/wp\/v2\/media\/3235"}],"wp:attachment":[{"href":"https:\/\/cooperativaredloslagos.cl\/wp-json\/wp\/v2\/media?parent=3234"}],"wp:term":[{"taxonomy":"category","embeddable":true,"href":"https:\/\/cooperativaredloslagos.cl\/wp-json\/wp\/v2\/categories?post=3234"},{"taxonomy":"post_tag","embeddable":true,"href":"https:\/\/cooperativaredloslagos.cl\/wp-json\/wp\/v2\/tags?post=3234"}],"curies":[{"name":"wp","href":"https:\/\/api.w.org\/{rel}","templated":true}]}}