{"id":3261,"date":"2025-11-11T17:08:54","date_gmt":"2025-11-11T20:08:54","guid":{"rendered":"https:\/\/cooperativaredloslagos.cl\/?p=3261"},"modified":"2025-11-11T17:08:54","modified_gmt":"2025-11-11T20:08:54","slug":"incendio-en-restaurante-tablon-del-ancla-deja-a-50-trabajadores-sin-empleo-en-puerto-montt","status":"publish","type":"post","link":"https:\/\/cooperativaredloslagos.cl\/2025\/11\/11\/incendio-en-restaurante-tablon-del-ancla-deja-a-50-trabajadores-sin-empleo-en-puerto-montt\/","title":{"rendered":"Incendio en restaurante Tabl\u00f3n del Ancla deja a 50 trabajadores sin empleo en Puerto Montt"},"content":{"rendered":"\n<p><strong>La Direcci\u00f3n del Trabajo confirm\u00f3 que los despidos se realizaron bajo la causal de caso fortuito o fuerza mayor, lo que exime al empleador del pago de indemnizaciones.<\/strong><\/p>\n\n\n\n<p>Cerca de <strong>50 trabajadores<\/strong> quedaron sin empleo tras el incendio que destruy\u00f3 por completo el tradicional <strong>restaurante Tabl\u00f3n del Ancla<\/strong>, ubicado en el centro de <strong>Puerto Montt<\/strong>.<\/p>\n\n\n\n<p>La <strong>Direcci\u00f3n del Trabajo en la Regi\u00f3n de Los Lagos<\/strong> confirm\u00f3 la situaci\u00f3n y precis\u00f3 que las desvinculaciones se efectuaron bajo la <strong>causal de caso fortuito o fuerza mayor<\/strong>, una figura legal que libera al empleador del pago de indemnizaciones, dejando a los afectados sin derecho a compensaci\u00f3n econ\u00f3mica.<\/p>\n\n\n\n<p>El <strong>director regional del organismo, Claudio Salas<\/strong>, explic\u00f3 que esta causal se aplica cuando un hecho imprevisible e inevitable impide la continuidad del v\u00ednculo laboral.<\/p>\n\n\n\n<blockquote class=\"wp-block-quote is-layout-flow wp-block-quote-is-layout-flow\">\n<p>\u201cEsta figura legal libera al empleador del pago de indemnizaciones, lo que deja a los afectados sin derecho a compensaci\u00f3n econ\u00f3mica\u201d, se\u00f1al\u00f3.<\/p>\n<\/blockquote>\n\n\n\n<p>El siniestro, que dej\u00f3 <strong>da\u00f1os millonarios y personas lesionadas<\/strong>, mantiene en investigaci\u00f3n su origen. Desde la <strong>administraci\u00f3n del restaurante<\/strong> indicaron que su principal preocupaci\u00f3n es enfrentar las consecuencias materiales y humanas que dej\u00f3 la emergencia.<\/p>\n\n\n\n<p>Por su parte, el <strong>presidente de la C\u00e1mara de Comercio, Industria y Turismo de Puerto Montt, Patricio Ampuero<\/strong>, llam\u00f3 a la prudencia y a no intervenir en asuntos privados entre empleadores y trabajadores, destacando la necesidad de abordar la situaci\u00f3n con respeto y colaboraci\u00f3n.<\/p>\n","protected":false},"excerpt":{"rendered":"<p>La Direcci\u00f3n del Trabajo confirm\u00f3 que los despidos se realizaron bajo la causal de caso fortuito o fuerza mayor, lo que exime al empleador del [&hellip;]<\/p>\n","protected":false},"author":1,"featured_media":3119,"comment_status":"closed","ping_status":"","sticky":false,"template":"","format":"standard","meta":{"_monsterinsights_skip_tracking":false,"_monsterinsights_sitenote_active":false,"_monsterinsights_sitenote_note":"","_monsterinsights_sitenote_category":0,"footnotes":""},"categories":[17,4],"tags":[],"class_list":["post-3261","post","type-post","status-publish","format-standard","has-post-thumbnail","hentry","category-puerto-montt","category-lifestyle"],"_links":{"self":[{"href":"https:\/\/cooperativaredloslagos.cl\/wp-json\/wp\/v2\/posts\/3261","targetHints":{"allow":["GET"]}}],"collection":[{"href":"https:\/\/cooperativaredloslagos.cl\/wp-json\/wp\/v2\/posts"}],"about":[{"href":"https:\/\/cooperativaredloslagos.cl\/wp-json\/wp\/v2\/types\/post"}],"author":[{"embeddable":true,"href":"https:\/\/cooperativaredloslagos.cl\/wp-json\/wp\/v2\/users\/1"}],"replies":[{"embeddable":true,"href":"https:\/\/cooperativaredloslagos.cl\/wp-json\/wp\/v2\/comments?post=3261"}],"version-history":[{"count":1,"href":"https:\/\/cooperativaredloslagos.cl\/wp-json\/wp\/v2\/posts\/3261\/revisions"}],"predecessor-version":[{"id":3262,"href":"https:\/\/cooperativaredloslagos.cl\/wp-json\/wp\/v2\/posts\/3261\/revisions\/3262"}],"wp:featuredmedia":[{"embeddable":true,"href":"https:\/\/cooperativaredloslagos.cl\/wp-json\/wp\/v2\/media\/3119"}],"wp:attachment":[{"href":"https:\/\/cooperativaredloslagos.cl\/wp-json\/wp\/v2\/media?parent=3261"}],"wp:term":[{"taxonomy":"category","embeddable":true,"href":"https:\/\/cooperativaredloslagos.cl\/wp-json\/wp\/v2\/categories?post=3261"},{"taxonomy":"post_tag","embeddable":true,"href":"https:\/\/cooperativaredloslagos.cl\/wp-json\/wp\/v2\/tags?post=3261"}],"curies":[{"name":"wp","href":"https:\/\/api.w.org\/{rel}","templated":true}]}}