{"id":3269,"date":"2025-11-12T12:01:27","date_gmt":"2025-11-12T15:01:27","guid":{"rendered":"https:\/\/cooperativaredloslagos.cl\/?p=3269"},"modified":"2025-11-12T12:01:27","modified_gmt":"2025-11-12T15:01:27","slug":"tribunal-condena-a-12-anos-de-presidio-a-hombre-por-femicidio-frustrado-en-osorno","status":"publish","type":"post","link":"https:\/\/cooperativaredloslagos.cl\/2025\/11\/12\/tribunal-condena-a-12-anos-de-presidio-a-hombre-por-femicidio-frustrado-en-osorno\/","title":{"rendered":"Tribunal condena a 12 a\u00f1os de presidio a hombre por femicidio frustrado en Osorno"},"content":{"rendered":"\n<p><strong>El fallo impuso adem\u00e1s la inhabilitaci\u00f3n perpetua para ejercer cargos p\u00fablicos y orden\u00f3 la toma de muestras de ADN del condenado.<\/strong><\/p>\n\n\n\n<p>El <strong>Tribunal de Juicio Oral en lo Penal de Osorno<\/strong> conden\u00f3 a <strong>Luis Erwin Cares Paredes<\/strong> a <strong>12 a\u00f1os de presidio efectivo<\/strong> por el delito de <strong>femicidio \u00edntimo frustrado<\/strong>, luego de atacar con un cuchillo a su c\u00f3nyuge en octubre de 2024.<\/p>\n\n\n\n<p>De acuerdo con los antecedentes expuestos en el fallo, el agresor <strong>discuti\u00f3 con la v\u00edctima en su vivienda<\/strong> y posteriormente la <strong>apu\u00f1al\u00f3 en repetidas ocasiones<\/strong>, provoc\u00e1ndole m\u00faltiples heridas cortopunzantes en el t\u00f3rax, abdomen y manos. La r\u00e1pida atenci\u00f3n m\u00e9dica permiti\u00f3 salvarle la vida, pese a la gravedad de las lesiones.<\/p>\n\n\n\n<p>El tribunal, integrado por los magistrados <strong>Patricia Gallardo Maldonado<\/strong>, <strong>Edmundo Moller Bianchi<\/strong> y <strong>Claudio Vicu\u00f1a Melo<\/strong>, resolvi\u00f3 de forma un\u00e1nime imponer adem\u00e1s las <strong>penas accesorias de inhabilitaci\u00f3n perpetua para ejercer cargos p\u00fablicos y derechos pol\u00edticos<\/strong>, junto con la <strong>inhabilitaci\u00f3n profesional<\/strong> durante el tiempo que dure la condena.<\/p>\n\n\n\n<p><\/p>\n","protected":false},"excerpt":{"rendered":"<p>El fallo impuso adem\u00e1s la inhabilitaci\u00f3n perpetua para ejercer cargos p\u00fablicos y orden\u00f3 la toma de muestras de ADN del condenado. El Tribunal de Juicio [&hellip;]<\/p>\n","protected":false},"author":1,"featured_media":3270,"comment_status":"closed","ping_status":"","sticky":false,"template":"","format":"standard","meta":{"_monsterinsights_skip_tracking":false,"_monsterinsights_sitenote_active":false,"_monsterinsights_sitenote_note":"","_monsterinsights_sitenote_category":0,"footnotes":""},"categories":[22,28],"tags":[],"class_list":["post-3269","post","type-post","status-publish","format-standard","has-post-thumbnail","hentry","category-osorno","category-policial"],"_links":{"self":[{"href":"https:\/\/cooperativaredloslagos.cl\/wp-json\/wp\/v2\/posts\/3269","targetHints":{"allow":["GET"]}}],"collection":[{"href":"https:\/\/cooperativaredloslagos.cl\/wp-json\/wp\/v2\/posts"}],"about":[{"href":"https:\/\/cooperativaredloslagos.cl\/wp-json\/wp\/v2\/types\/post"}],"author":[{"embeddable":true,"href":"https:\/\/cooperativaredloslagos.cl\/wp-json\/wp\/v2\/users\/1"}],"replies":[{"embeddable":true,"href":"https:\/\/cooperativaredloslagos.cl\/wp-json\/wp\/v2\/comments?post=3269"}],"version-history":[{"count":1,"href":"https:\/\/cooperativaredloslagos.cl\/wp-json\/wp\/v2\/posts\/3269\/revisions"}],"predecessor-version":[{"id":3271,"href":"https:\/\/cooperativaredloslagos.cl\/wp-json\/wp\/v2\/posts\/3269\/revisions\/3271"}],"wp:featuredmedia":[{"embeddable":true,"href":"https:\/\/cooperativaredloslagos.cl\/wp-json\/wp\/v2\/media\/3270"}],"wp:attachment":[{"href":"https:\/\/cooperativaredloslagos.cl\/wp-json\/wp\/v2\/media?parent=3269"}],"wp:term":[{"taxonomy":"category","embeddable":true,"href":"https:\/\/cooperativaredloslagos.cl\/wp-json\/wp\/v2\/categories?post=3269"},{"taxonomy":"post_tag","embeddable":true,"href":"https:\/\/cooperativaredloslagos.cl\/wp-json\/wp\/v2\/tags?post=3269"}],"curies":[{"name":"wp","href":"https:\/\/api.w.org\/{rel}","templated":true}]}}