{"id":3283,"date":"2025-11-13T17:16:16","date_gmt":"2025-11-13T20:16:16","guid":{"rendered":"https:\/\/cooperativaredloslagos.cl\/?p=3283"},"modified":"2025-11-13T17:16:16","modified_gmt":"2025-11-13T20:16:16","slug":"carabineros-inaugura-memorial-en-castro-en-homenaje-a-funcionarios-fallecidos-en-servicio","status":"publish","type":"post","link":"https:\/\/cooperativaredloslagos.cl\/2025\/11\/13\/carabineros-inaugura-memorial-en-castro-en-homenaje-a-funcionarios-fallecidos-en-servicio\/","title":{"rendered":"Carabineros inaugura memorial en Castro en homenaje a funcionarios fallecidos en servicio"},"content":{"rendered":"\n<p>En una ceremonia realizada en Castro, Carabineros inaugur\u00f3 un memorial en homenaje a los funcionarios de la instituci\u00f3n que perdieron la vida en el cumplimiento del deber. La actividad reuni\u00f3 a autoridades, familiares y miembros de la comunidad.<\/p>\n\n\n\n<p>Entre los asistentes estuvo la se\u00f1ora <strong>Alicia del Carmen Marigual Quintul<\/strong>, madre del m\u00e1rtir <strong>Francisco Ignacio Navarro Marigual<\/strong>, fallecido el 18 de junio de 2015. Junto a ella participaron el general jefe de Zona, <strong>Jorge Valdivia<\/strong>, y el prefecto de Chilo\u00e9, <strong>comandante Enrique Guti\u00e9rrez<\/strong>, quienes encabezaron el emotivo acto.<\/p>\n\n\n\n<p>El memorial recuerda a <strong>16 carabineros<\/strong> fallecidos entre <strong>1937 y 2017<\/strong>, cuyos nombres quedaron inscritos en una placa conmemorativa que busca destacar el compromiso y la vocaci\u00f3n de servicio de quienes integraron la instituci\u00f3n. Entre ellos figuran:<\/p>\n\n\n\n<ul class=\"wp-block-list\">\n<li><strong>Luis Garrido Contreras<\/strong> (1937)<\/li>\n\n\n\n<li><strong>Ar\u00edstides Segundo Hern\u00e1ndez Godoy<\/strong> (1950)<\/li>\n\n\n\n<li><strong>Claudio Alejandro Molina V\u00e1squez<\/strong> (2016)<\/li>\n\n\n\n<li><strong>V\u00edctor Chavarr\u00eda Acu\u00f1a<\/strong> (2017)<\/li>\n<\/ul>\n\n\n\n<p>Durante la ceremonia se subray\u00f3 la importancia de mantener viva la memoria de los funcionarios que entregaron su vida en actos de servicio, resaltando el valor y la dedicaci\u00f3n con la que enfrentaron su labor policial.<\/p>\n\n\n\n<p>El nuevo memorial se constituye como un s\u00edmbolo permanente de gratitud hacia quienes, con vocaci\u00f3n y valent\u00eda, trabajaron por resguardar la seguridad de la comunidad.<\/p>\n","protected":false},"excerpt":{"rendered":"<p>En una ceremonia realizada en Castro, Carabineros inaugur\u00f3 un memorial en homenaje a los funcionarios de la instituci\u00f3n que perdieron la vida en el cumplimiento [&hellip;]<\/p>\n","protected":false},"author":1,"featured_media":3284,"comment_status":"closed","ping_status":"","sticky":false,"template":"","format":"standard","meta":{"_monsterinsights_skip_tracking":false,"_monsterinsights_sitenote_active":false,"_monsterinsights_sitenote_note":"","_monsterinsights_sitenote_category":0,"footnotes":""},"categories":[29,15],"tags":[],"class_list":["post-3283","post","type-post","status-publish","format-standard","has-post-thumbnail","hentry","category-chiloe","category-regional"],"_links":{"self":[{"href":"https:\/\/cooperativaredloslagos.cl\/wp-json\/wp\/v2\/posts\/3283","targetHints":{"allow":["GET"]}}],"collection":[{"href":"https:\/\/cooperativaredloslagos.cl\/wp-json\/wp\/v2\/posts"}],"about":[{"href":"https:\/\/cooperativaredloslagos.cl\/wp-json\/wp\/v2\/types\/post"}],"author":[{"embeddable":true,"href":"https:\/\/cooperativaredloslagos.cl\/wp-json\/wp\/v2\/users\/1"}],"replies":[{"embeddable":true,"href":"https:\/\/cooperativaredloslagos.cl\/wp-json\/wp\/v2\/comments?post=3283"}],"version-history":[{"count":1,"href":"https:\/\/cooperativaredloslagos.cl\/wp-json\/wp\/v2\/posts\/3283\/revisions"}],"predecessor-version":[{"id":3285,"href":"https:\/\/cooperativaredloslagos.cl\/wp-json\/wp\/v2\/posts\/3283\/revisions\/3285"}],"wp:featuredmedia":[{"embeddable":true,"href":"https:\/\/cooperativaredloslagos.cl\/wp-json\/wp\/v2\/media\/3284"}],"wp:attachment":[{"href":"https:\/\/cooperativaredloslagos.cl\/wp-json\/wp\/v2\/media?parent=3283"}],"wp:term":[{"taxonomy":"category","embeddable":true,"href":"https:\/\/cooperativaredloslagos.cl\/wp-json\/wp\/v2\/categories?post=3283"},{"taxonomy":"post_tag","embeddable":true,"href":"https:\/\/cooperativaredloslagos.cl\/wp-json\/wp\/v2\/tags?post=3283"}],"curies":[{"name":"wp","href":"https:\/\/api.w.org\/{rel}","templated":true}]}}