{"id":3289,"date":"2025-11-13T18:43:00","date_gmt":"2025-11-13T21:43:00","guid":{"rendered":"https:\/\/cooperativaredloslagos.cl\/?p=3289"},"modified":"2025-11-13T18:43:00","modified_gmt":"2025-11-13T21:43:00","slug":"bomberos-de-puerto-montt-inaugura-su-decima-compania-en-las-quemas","status":"publish","type":"post","link":"https:\/\/cooperativaredloslagos.cl\/2025\/11\/13\/bomberos-de-puerto-montt-inaugura-su-decima-compania-en-las-quemas\/","title":{"rendered":"Bomberos de Puerto Montt inaugura su D\u00e9cima Compa\u00f1\u00eda en Las Quemas"},"content":{"rendered":"\n<p><strong>Hito hist\u00f3rico: la instituci\u00f3n suma una nueva unidad tras 45 a\u00f1os, reforzando la cobertura en sectores en expansi\u00f3n<\/strong><\/p>\n\n\n\n<p>En una ceremonia realizada la noche de este mi\u00e9rcoles en el sector El Tepual, el Cuerpo de Bomberos de Puerto Montt oficializ\u00f3 la entrada en servicio de su <strong>D\u00e9cima Compa\u00f1\u00eda \u201cLas Quemas\u201d<\/strong>, marcando un hecho hist\u00f3rico para la instituci\u00f3n: desde la creaci\u00f3n de la Novena Compa\u00f1\u00eda en Alerce hab\u00edan transcurrido 45 a\u00f1os sin incorporaciones de nuevas unidades.<\/p>\n\n\n\n<p>El acto se llev\u00f3 a cabo en el cuartel ubicado en la Ruta V-60, kil\u00f3metro 14,5, y fue encabezado por el superintendente <strong>Jaime Jonshon C\u00e1rdenas<\/strong> y el comandante <strong>Roberto Angulo Alarc\u00f3n<\/strong>. Asistieron tambi\u00e9n la delegada presidencial regional <strong>Paulina Mu\u00f1oz Molina<\/strong>, el diputado <strong>Mauro Gonz\u00e1lez Villarroel<\/strong>, el director regional de Senapred <strong>Mitzio Riquelme Salazar<\/strong>, autoridades municipales, dirigentes sociales y vecinos.<\/p>\n\n\n\n<p>La incorporaci\u00f3n de la compa\u00f1\u00eda fue aprobada por unanimidad en el Directorio General de Bomberos el pasado 13 de octubre, estableciendo como lema institucional <strong>\u201cVocaci\u00f3n y Servicio\u201d<\/strong>, reflejo del trabajo desarrollado durante 25 a\u00f1os por la antigua Brigada Las Quemas.<\/p>\n\n\n\n<h3 class=\"wp-block-heading\">Expansi\u00f3n territorial y demanda de emergencias<\/h3>\n\n\n\n<p>El superintendente Jonshon destac\u00f3 que la nueva unidad responde al crecimiento urbano y rural de la comuna.<br>\u201cFinalmente se logra dar el puntapi\u00e9 inicial a una nueva compa\u00f1\u00eda en Puerto Montt. Reconozco el trabajo de cada uno de los miembros de esta brigada que hoy se convierte en compa\u00f1\u00eda. Sin constancia y perseverancia, las cosas se ponen cuesta arriba y no llegar\u00edamos al resultado que vemos hoy\u201d, se\u00f1al\u00f3.<\/p>\n\n\n\n<p>Agreg\u00f3 que la expansi\u00f3n poblacional obliga a reforzar la presencia operativa:<br>\u201cEl desarrollo de los sectores rurales y periurbanos requiere atenci\u00f3n oportuna de nuestra instituci\u00f3n. Han pasado 45 a\u00f1os desde la fundaci\u00f3n de la Novena Compa\u00f1\u00eda, y la realidad actual exige nuevas capacidades de respuesta\u201d.<\/p>\n\n\n\n<p>En esta l\u00ednea, el comandante Angulo enfatiz\u00f3 que la flamante unidad \u201ccuenta con una m\u00e1quina y <strong>30 voluntarios debidamente equipados<\/strong> para atender emergencias en Lagunitas, El Tepual, Las Quemas y San Antonio, sectores que concentran una poblaci\u00f3n cercana a las <strong>40 mil personas<\/strong>\u201d.<\/p>\n\n\n\n<h3 class=\"wp-block-heading\">Ceremonia y tradici\u00f3n bomberil<\/h3>\n\n\n\n<p>Uno de los momentos m\u00e1s significativos fue el <strong>juramento de servicio<\/strong> de los voluntarios ante el estandarte institucional, seguido de la tradicional <strong>cortina de agua<\/strong> y del primer grito oficial de compa\u00f1\u00eda: \u201c\u00a1D\u00e9cima!\u201d.<\/p>\n\n\n\n<p>La jornada tambi\u00e9n estuvo marcada por gestos de fraternidad entre compa\u00f1\u00edas:<\/p>\n\n\n\n<ul class=\"wp-block-list\">\n<li><strong>La Sexta Compa\u00f1\u00eda<\/strong> entreg\u00f3 el estandarte oficial.<\/li>\n\n\n\n<li>Voluntarios honorarios aportaron recursos para mejorar la habitabilidad del cuartel.<\/li>\n\n\n\n<li><strong>La Octava Compa\u00f1\u00eda<\/strong> obsequi\u00f3 un escudo, s\u00edmbolo de identidad y pertenencia para la nueva unidad.<\/li>\n<\/ul>\n\n\n\n<p>Con la inauguraci\u00f3n de la D\u00e9cima Compa\u00f1\u00eda, Bomberos de Puerto Montt fortalece su capacidad de respuesta ante incendios y emergencias en una zona de r\u00e1pido desarrollo territorial y con alta demanda operativa.<\/p>\n","protected":false},"excerpt":{"rendered":"<p>Hito hist\u00f3rico: la instituci\u00f3n suma una nueva unidad tras 45 a\u00f1os, reforzando la cobertura en sectores en expansi\u00f3n En una ceremonia realizada la noche de [&hellip;]<\/p>\n","protected":false},"author":1,"featured_media":3290,"comment_status":"closed","ping_status":"","sticky":false,"template":"","format":"standard","meta":{"_monsterinsights_skip_tracking":false,"_monsterinsights_sitenote_active":false,"_monsterinsights_sitenote_note":"","_monsterinsights_sitenote_category":0,"footnotes":""},"categories":[17,15,4],"tags":[],"class_list":["post-3289","post","type-post","status-publish","format-standard","has-post-thumbnail","hentry","category-puerto-montt","category-regional","category-lifestyle"],"_links":{"self":[{"href":"https:\/\/cooperativaredloslagos.cl\/wp-json\/wp\/v2\/posts\/3289","targetHints":{"allow":["GET"]}}],"collection":[{"href":"https:\/\/cooperativaredloslagos.cl\/wp-json\/wp\/v2\/posts"}],"about":[{"href":"https:\/\/cooperativaredloslagos.cl\/wp-json\/wp\/v2\/types\/post"}],"author":[{"embeddable":true,"href":"https:\/\/cooperativaredloslagos.cl\/wp-json\/wp\/v2\/users\/1"}],"replies":[{"embeddable":true,"href":"https:\/\/cooperativaredloslagos.cl\/wp-json\/wp\/v2\/comments?post=3289"}],"version-history":[{"count":1,"href":"https:\/\/cooperativaredloslagos.cl\/wp-json\/wp\/v2\/posts\/3289\/revisions"}],"predecessor-version":[{"id":3291,"href":"https:\/\/cooperativaredloslagos.cl\/wp-json\/wp\/v2\/posts\/3289\/revisions\/3291"}],"wp:featuredmedia":[{"embeddable":true,"href":"https:\/\/cooperativaredloslagos.cl\/wp-json\/wp\/v2\/media\/3290"}],"wp:attachment":[{"href":"https:\/\/cooperativaredloslagos.cl\/wp-json\/wp\/v2\/media?parent=3289"}],"wp:term":[{"taxonomy":"category","embeddable":true,"href":"https:\/\/cooperativaredloslagos.cl\/wp-json\/wp\/v2\/categories?post=3289"},{"taxonomy":"post_tag","embeddable":true,"href":"https:\/\/cooperativaredloslagos.cl\/wp-json\/wp\/v2\/tags?post=3289"}],"curies":[{"name":"wp","href":"https:\/\/api.w.org\/{rel}","templated":true}]}}