{"id":3314,"date":"2025-11-14T16:54:38","date_gmt":"2025-11-14T19:54:38","guid":{"rendered":"https:\/\/cooperativaredloslagos.cl\/?p=3314"},"modified":"2025-11-14T16:54:39","modified_gmt":"2025-11-14T19:54:39","slug":"sernapesca-realiza-seminario-preventivo-con-la-industria-salmonera-ante-posibles-eventos-de-mortalidad-masiva","status":"publish","type":"post","link":"https:\/\/cooperativaredloslagos.cl\/2025\/11\/14\/sernapesca-realiza-seminario-preventivo-con-la-industria-salmonera-ante-posibles-eventos-de-mortalidad-masiva\/","title":{"rendered":"Sernapesca realiza seminario preventivo con la industria salmonera ante posibles eventos de mortalidad masiva"},"content":{"rendered":"\n<p>El <strong>Servicio Nacional de Pesca y Acuicultura (Sernapesca)<\/strong> desarroll\u00f3 un seminario dirigido a representantes de la industria salmonera de las regiones de <strong>Los Lagos y Ays\u00e9n<\/strong>, con el objetivo de reforzar el trabajo preventivo frente a posibles eventos de mortalidad masiva asociados al <strong>cambio clim\u00e1tico<\/strong> y al fen\u00f3meno de <strong>La Ni\u00f1a<\/strong>. La actividad se enmarc\u00f3 en el plan de trabajo del <strong>Comit\u00e9 Interinstitucional de Contingencias Ambientales (Ciica)<\/strong>.<\/p>\n\n\n\n<p>La instancia busc\u00f3 fortalecer la aplicaci\u00f3n de las medidas incluidas en la <strong>prealerta ambiental vigente<\/strong>, adem\u00e1s de revisar acciones preventivas orientadas a enfrentar contingencias relacionadas con <strong>floraciones algales nocivas (FAN)<\/strong>.<\/p>\n\n\n\n<p>La primera jornada se realiz\u00f3 en <strong>Puerto Ays\u00e9n<\/strong> el martes 11 de noviembre, mientras que la segunda tuvo lugar este viernes 14 de noviembre en <strong>Puerto Montt<\/strong>. En ambas sesiones se abordaron los pron\u00f3sticos meteorol\u00f3gicos para la temporada <strong>primavera-verano 2025-2026<\/strong>, la normativa que regula los eventos de mortalidad masiva y los respectivos planes de acci\u00f3n de las empresas. Tambi\u00e9n se revisaron avances tecnol\u00f3gicos implementados por la industria para prevenir y enfrentar este tipo de situaciones.<\/p>\n\n\n\n<p>Seg\u00fan informaci\u00f3n entregada por el <strong>Instituto de Fomento Pesquero (Ifop)<\/strong>, actualmente se mantiene un escenario <strong>neutro<\/strong> asociado a un evento de La Ni\u00f1a. Sin embargo, no existe certeza sobre su evoluci\u00f3n ni respecto al eventual aumento de las temperaturas superficiales del mar o la aparici\u00f3n de nuevas floraciones algales, por lo que se considera clave mantener un monitoreo permanente.<\/p>\n\n\n\n<p>La subdirectora de Acuicultura de Sernapesca, <strong>M\u00f3nica Rojas<\/strong>, destac\u00f3 la relevancia del trabajo conjunto entre organismos p\u00fablicos y la industria.<\/p>\n\n\n\n<blockquote class=\"wp-block-quote is-layout-flow wp-block-quote-is-layout-flow\">\n<p>\u201cFueron dos jornadas muy provechosas, donde se coordin\u00f3 un trabajo conjunto y colaborativo con compromiso por parte de la industria de alertar ante cualquier variaci\u00f3n de sus par\u00e1metros de medici\u00f3n. Es importante que tengamos estas instancias para enfrentar un posible evento de mortalidad masiva de manera r\u00e1pida y resguardando el medio ambiente marino. Desde la industria, se busca mejorar y actualizar sus planes para un manejo adecuado y eficiente de la mortalidad\u201d, se\u00f1al\u00f3.<\/p>\n<\/blockquote>\n","protected":false},"excerpt":{"rendered":"<p>El Servicio Nacional de Pesca y Acuicultura (Sernapesca) desarroll\u00f3 un seminario dirigido a representantes de la industria salmonera de las regiones de Los Lagos y [&hellip;]<\/p>\n","protected":false},"author":1,"featured_media":3315,"comment_status":"closed","ping_status":"closed","sticky":false,"template":"","format":"standard","meta":{"_monsterinsights_skip_tracking":false,"_monsterinsights_sitenote_active":false,"_monsterinsights_sitenote_note":"","_monsterinsights_sitenote_category":0,"footnotes":""},"categories":[17,4],"tags":[],"class_list":["post-3314","post","type-post","status-publish","format-standard","has-post-thumbnail","hentry","category-puerto-montt","category-lifestyle"],"_links":{"self":[{"href":"https:\/\/cooperativaredloslagos.cl\/wp-json\/wp\/v2\/posts\/3314","targetHints":{"allow":["GET"]}}],"collection":[{"href":"https:\/\/cooperativaredloslagos.cl\/wp-json\/wp\/v2\/posts"}],"about":[{"href":"https:\/\/cooperativaredloslagos.cl\/wp-json\/wp\/v2\/types\/post"}],"author":[{"embeddable":true,"href":"https:\/\/cooperativaredloslagos.cl\/wp-json\/wp\/v2\/users\/1"}],"replies":[{"embeddable":true,"href":"https:\/\/cooperativaredloslagos.cl\/wp-json\/wp\/v2\/comments?post=3314"}],"version-history":[{"count":1,"href":"https:\/\/cooperativaredloslagos.cl\/wp-json\/wp\/v2\/posts\/3314\/revisions"}],"predecessor-version":[{"id":3316,"href":"https:\/\/cooperativaredloslagos.cl\/wp-json\/wp\/v2\/posts\/3314\/revisions\/3316"}],"wp:featuredmedia":[{"embeddable":true,"href":"https:\/\/cooperativaredloslagos.cl\/wp-json\/wp\/v2\/media\/3315"}],"wp:attachment":[{"href":"https:\/\/cooperativaredloslagos.cl\/wp-json\/wp\/v2\/media?parent=3314"}],"wp:term":[{"taxonomy":"category","embeddable":true,"href":"https:\/\/cooperativaredloslagos.cl\/wp-json\/wp\/v2\/categories?post=3314"},{"taxonomy":"post_tag","embeddable":true,"href":"https:\/\/cooperativaredloslagos.cl\/wp-json\/wp\/v2\/tags?post=3314"}],"curies":[{"name":"wp","href":"https:\/\/api.w.org\/{rel}","templated":true}]}}