{"id":3329,"date":"2025-11-16T12:38:54","date_gmt":"2025-11-16T15:38:54","guid":{"rendered":"https:\/\/cooperativaredloslagos.cl\/?p=3329"},"modified":"2025-11-16T12:38:55","modified_gmt":"2025-11-16T15:38:55","slug":"delegacion-presidencial-confirma-que-el-100-de-las-mesas-de-votacion-estan-constituidas-en-la-region-de-los-lagos","status":"publish","type":"post","link":"https:\/\/cooperativaredloslagos.cl\/2025\/11\/16\/delegacion-presidencial-confirma-que-el-100-de-las-mesas-de-votacion-estan-constituidas-en-la-region-de-los-lagos\/","title":{"rendered":"Delegaci\u00f3n Presidencial confirma que el 100% de las mesas de votaci\u00f3n est\u00e1n constituidas en la Regi\u00f3n de Los Lagos"},"content":{"rendered":"\n<p>Tras la sesi\u00f3n de la <strong>mesa operativa<\/strong> por las <strong>Elecciones Presidenciales y Parlamentarias 2025<\/strong>, la <strong>delegada presidencial regional de Los Lagos, Paulina Mu\u00f1oz<\/strong>, inform\u00f3 que el <strong>100% de las mesas electorales<\/strong> de la regi\u00f3n ya se encuentran constituidas.<\/p>\n\n\n\n<blockquote class=\"wp-block-quote is-layout-flow wp-block-quote-is-layout-flow\">\n<p>\u201cHasta el momento, podemos informar que el 100% de las mesas de los 205 locales de votaci\u00f3n ya se encuentran constituidas. Hacemos un llamado a la ciudadan\u00eda a votar con tranquilidad; las distintas instituciones del Estado seguiremos coordinadas y monitoreando para el correcto desarrollo de este proceso democr\u00e1tico\u201d, se\u00f1al\u00f3 la autoridad regional.<\/p>\n<\/blockquote>\n\n\n\n<h5 class=\"wp-block-heading has-text-align-center\"><strong>Amplia coordinaci\u00f3n interinstitucional<\/strong><\/h5>\n\n\n\n<p>Mu\u00f1oz destac\u00f3 la participaci\u00f3n del delegado y las delegadas presidenciales provinciales de <strong>Chilo\u00e9<\/strong>, <strong>Osorno<\/strong> y <strong>Palena<\/strong>, junto a los seremis de <strong>Seguridad<\/strong>, <strong>Transportes<\/strong>, <strong>Salud<\/strong>, <strong>Educaci\u00f3n<\/strong> y <strong>Gobierno<\/strong>.<\/p>\n\n\n\n<p>En la instancia tambi\u00e9n estuvieron presentes <strong>Senapred<\/strong> y representantes de las <strong>Fuerzas Armadas y de Orden y Seguridad<\/strong>, como parte del trabajo de coordinaci\u00f3n destinado a garantizar el normal desarrollo del proceso electoral.<\/p>\n","protected":false},"excerpt":{"rendered":"<p>Tras la sesi\u00f3n de la mesa operativa por las Elecciones Presidenciales y Parlamentarias 2025, la delegada presidencial regional de Los Lagos, Paulina Mu\u00f1oz, inform\u00f3 que [&hellip;]<\/p>\n","protected":false},"author":1,"featured_media":2824,"comment_status":"closed","ping_status":"closed","sticky":false,"template":"","format":"standard","meta":{"_monsterinsights_skip_tracking":false,"_monsterinsights_sitenote_active":false,"_monsterinsights_sitenote_note":"","_monsterinsights_sitenote_category":0,"footnotes":""},"categories":[6,17,15],"tags":[],"class_list":["post-3329","post","type-post","status-publish","format-standard","has-post-thumbnail","hentry","category-politics","category-puerto-montt","category-regional"],"_links":{"self":[{"href":"https:\/\/cooperativaredloslagos.cl\/wp-json\/wp\/v2\/posts\/3329","targetHints":{"allow":["GET"]}}],"collection":[{"href":"https:\/\/cooperativaredloslagos.cl\/wp-json\/wp\/v2\/posts"}],"about":[{"href":"https:\/\/cooperativaredloslagos.cl\/wp-json\/wp\/v2\/types\/post"}],"author":[{"embeddable":true,"href":"https:\/\/cooperativaredloslagos.cl\/wp-json\/wp\/v2\/users\/1"}],"replies":[{"embeddable":true,"href":"https:\/\/cooperativaredloslagos.cl\/wp-json\/wp\/v2\/comments?post=3329"}],"version-history":[{"count":1,"href":"https:\/\/cooperativaredloslagos.cl\/wp-json\/wp\/v2\/posts\/3329\/revisions"}],"predecessor-version":[{"id":3330,"href":"https:\/\/cooperativaredloslagos.cl\/wp-json\/wp\/v2\/posts\/3329\/revisions\/3330"}],"wp:featuredmedia":[{"embeddable":true,"href":"https:\/\/cooperativaredloslagos.cl\/wp-json\/wp\/v2\/media\/2824"}],"wp:attachment":[{"href":"https:\/\/cooperativaredloslagos.cl\/wp-json\/wp\/v2\/media?parent=3329"}],"wp:term":[{"taxonomy":"category","embeddable":true,"href":"https:\/\/cooperativaredloslagos.cl\/wp-json\/wp\/v2\/categories?post=3329"},{"taxonomy":"post_tag","embeddable":true,"href":"https:\/\/cooperativaredloslagos.cl\/wp-json\/wp\/v2\/tags?post=3329"}],"curies":[{"name":"wp","href":"https:\/\/api.w.org\/{rel}","templated":true}]}}