{"id":3363,"date":"2025-11-19T11:12:38","date_gmt":"2025-11-19T14:12:38","guid":{"rendered":"https:\/\/cooperativaredloslagos.cl\/?p=3363"},"modified":"2025-11-19T11:13:52","modified_gmt":"2025-11-19T14:13:52","slug":"puerto-montt-reabre-calle-antonio-varas-tras-mas-de-cinco-anos-de-trabajos","status":"publish","type":"post","link":"https:\/\/cooperativaredloslagos.cl\/2025\/11\/19\/puerto-montt-reabre-calle-antonio-varas-tras-mas-de-cinco-anos-de-trabajos\/","title":{"rendered":"Puerto Montt reabre calle Antonio Varas tras m\u00e1s de cinco a\u00f1os de trabajos"},"content":{"rendered":"\n<p><strong>La v\u00eda fue habilitada este martes 18 de noviembre luego de 1.777 d\u00edas de obras, en una ceremonia encabezada por el alcalde Rodrigo Wainraihgt y el gobernador regional Alejandro Santana.<\/strong><\/p>\n\n\n\n<p>Tras m\u00e1s de cinco a\u00f1os de mejoras, la calle <strong>Antonio Varas<\/strong> de Puerto Montt fue reabierta al tr\u00e1nsito peatonal y vehicular, luego de que la municipalidad recepcionara las obras realizadas por la Constructora Hurtado. La ceremonia simb\u00f3lica se efectu\u00f3 en la intersecci\u00f3n con avenida Salvador Allende, donde autoridades retiraron las barreras New Jersey que hab\u00edan mantenido cerrado este tradicional eje comercial.<\/p>\n\n\n\n<p>El alcalde <strong>Rodrigo Wainraihgt<\/strong> calific\u00f3 la reapertura como un hecho \u201chist\u00f3rico\u201d, destacando que se cumpli\u00f3 el compromiso de habilitar la v\u00eda antes de Navidad y dentro de su primer a\u00f1o de gesti\u00f3n. Adem\u00e1s, record\u00f3 su v\u00ednculo personal con la zona, se\u00f1alando que naci\u00f3 y creci\u00f3 en la misma calle, y lament\u00f3 el impacto que la prolongada obra tuvo sobre el comercio local, atribuy\u00e9ndolo a \u201cnegligencias de la administraci\u00f3n anterior\u201d.<\/p>\n\n\n\n<p>Wainraihgt agradeci\u00f3 el apoyo del gobernador regional <strong>Alejandro Santana<\/strong>, especialmente por los aumentos de presupuesto y plazos gestionados a trav\u00e9s del Gobierno Regional. Al mismo tiempo, afirm\u00f3 que las dificultades del proyecto deben servir como aprendizaje para mejorar la planificaci\u00f3n municipal, a la vez que llam\u00f3 a la comunidad a valorar la reapertura de una calle que \u2014seg\u00fan dijo\u2014 forma parte del esp\u00edritu e historia de Puerto Montt.<\/p>\n\n\n\n<p>El jefe comunal anunci\u00f3 adem\u00e1s el inicio de una segunda etapa centrada en recuperar el atractivo del centro de la ciudad bajo el lema \u201cun Puerto Montt m\u00e1s seguro, limpio y ordenado\u201d. Para ello, anticip\u00f3 medidas especiales de seguridad para enfrentar focos de droga y prostituci\u00f3n, junto con iniciativas de hermoseamiento mediante un trabajo coordinado entre el sector p\u00fablico y privado.<\/p>\n","protected":false},"excerpt":{"rendered":"<p>La v\u00eda fue habilitada este martes 18 de noviembre luego de 1.777 d\u00edas de obras, en una ceremonia encabezada por el alcalde Rodrigo Wainraihgt y [&hellip;]<\/p>\n","protected":false},"author":1,"featured_media":3365,"comment_status":"closed","ping_status":"closed","sticky":false,"template":"","format":"standard","meta":{"_monsterinsights_skip_tracking":false,"_monsterinsights_sitenote_active":false,"_monsterinsights_sitenote_note":"","_monsterinsights_sitenote_category":0,"footnotes":""},"categories":[17,15,4,35],"tags":[],"class_list":["post-3363","post","type-post","status-publish","format-standard","has-post-thumbnail","hentry","category-puerto-montt","category-regional","category-lifestyle","category-turismo"],"_links":{"self":[{"href":"https:\/\/cooperativaredloslagos.cl\/wp-json\/wp\/v2\/posts\/3363","targetHints":{"allow":["GET"]}}],"collection":[{"href":"https:\/\/cooperativaredloslagos.cl\/wp-json\/wp\/v2\/posts"}],"about":[{"href":"https:\/\/cooperativaredloslagos.cl\/wp-json\/wp\/v2\/types\/post"}],"author":[{"embeddable":true,"href":"https:\/\/cooperativaredloslagos.cl\/wp-json\/wp\/v2\/users\/1"}],"replies":[{"embeddable":true,"href":"https:\/\/cooperativaredloslagos.cl\/wp-json\/wp\/v2\/comments?post=3363"}],"version-history":[{"count":1,"href":"https:\/\/cooperativaredloslagos.cl\/wp-json\/wp\/v2\/posts\/3363\/revisions"}],"predecessor-version":[{"id":3364,"href":"https:\/\/cooperativaredloslagos.cl\/wp-json\/wp\/v2\/posts\/3363\/revisions\/3364"}],"wp:featuredmedia":[{"embeddable":true,"href":"https:\/\/cooperativaredloslagos.cl\/wp-json\/wp\/v2\/media\/3365"}],"wp:attachment":[{"href":"https:\/\/cooperativaredloslagos.cl\/wp-json\/wp\/v2\/media?parent=3363"}],"wp:term":[{"taxonomy":"category","embeddable":true,"href":"https:\/\/cooperativaredloslagos.cl\/wp-json\/wp\/v2\/categories?post=3363"},{"taxonomy":"post_tag","embeddable":true,"href":"https:\/\/cooperativaredloslagos.cl\/wp-json\/wp\/v2\/tags?post=3363"}],"curies":[{"name":"wp","href":"https:\/\/api.w.org\/{rel}","templated":true}]}}