{"id":3380,"date":"2025-11-21T09:31:05","date_gmt":"2025-11-21T12:31:05","guid":{"rendered":"https:\/\/cooperativaredloslagos.cl\/?p=3380"},"modified":"2025-11-21T09:31:06","modified_gmt":"2025-11-21T12:31:06","slug":"senado-inicia-debate-del-presupuesto-2026-con-llamado-del-gobierno-a-buscar-un-amplio-consenso","status":"publish","type":"post","link":"https:\/\/cooperativaredloslagos.cl\/2025\/11\/21\/senado-inicia-debate-del-presupuesto-2026-con-llamado-del-gobierno-a-buscar-un-amplio-consenso\/","title":{"rendered":"Senado inicia debate del Presupuesto 2026 con llamado del Gobierno a buscar un amplio consenso"},"content":{"rendered":"\n<p><strong>El ministro Nicol\u00e1s Grau afirm\u00f3 que el Ejecutivo mantiene disposici\u00f3n para introducir nuevas indicaciones, mientras el Senado aprob\u00f3 las primeras partidas del proyecto.<\/strong><\/p>\n\n\n\n<p>El Senado comenz\u00f3 este jueves la tramitaci\u00f3n del <strong>Presupuesto 2026<\/strong>, aprobando las partidas correspondientes al Servicio Electoral, Ministerio P\u00fablico y los ministerios de Bienes Nacionales, Ciencia y Agricultura, junto con parte del articulado que no recibi\u00f3 indicaciones. La sesi\u00f3n estuvo marcada por cr\u00edticas relacionadas con la proyecci\u00f3n de ingresos para el pr\u00f3ximo a\u00f1o, elemento que la oposici\u00f3n considera sobreestimado.<\/p>\n\n\n\n<p>El ministro de Hacienda, <strong>Nicol\u00e1s Grau<\/strong>, destac\u00f3 que el Ejecutivo ha introducido modificaciones en pr\u00e1cticamente todas las partidas durante el debate, subrayando que el objetivo es equilibrar responsabilidad social y fiscal. \u201cSeguimos con total disposici\u00f3n a presentar nuevas indicaciones, tanto espec\u00edficas como m\u00e1s amplias, para llegar a un consenso lo m\u00e1s amplio posible\u201d, se\u00f1al\u00f3, enfatizando adem\u00e1s que el presupuesto ser\u00e1 ejecutado por la pr\u00f3xima administraci\u00f3n.<\/p>\n\n\n\n<p>Con el avance en las primeras cinco partidas, el Senado deber\u00e1 discutir las <strong>28 restantes<\/strong> en las pr\u00f3ximas jornadas. La tramitaci\u00f3n continuar\u00e1 este viernes entre las 9:30 y 13:00 horas y de 15:00 a 20:00 horas, en una negociaci\u00f3n que se anticipa extensa debido a las modificaciones solicitadas desde la oposici\u00f3n.<\/p>\n\n\n\n<p>El lunes 24 de noviembre est\u00e1 previsto que el debate se extienda hasta <strong>total despacho<\/strong>, en una discusi\u00f3n clave para definir el marco presupuestario que regir\u00e1 durante el pr\u00f3ximo a\u00f1o fiscal.<\/p>\n","protected":false},"excerpt":{"rendered":"<p>El ministro Nicol\u00e1s Grau afirm\u00f3 que el Ejecutivo mantiene disposici\u00f3n para introducir nuevas indicaciones, mientras el Senado aprob\u00f3 las primeras partidas del proyecto. El Senado [&hellip;]<\/p>\n","protected":false},"author":1,"featured_media":3381,"comment_status":"closed","ping_status":"closed","sticky":false,"template":"","format":"standard","meta":{"_monsterinsights_skip_tracking":false,"_monsterinsights_sitenote_active":false,"_monsterinsights_sitenote_note":"","_monsterinsights_sitenote_category":0,"footnotes":""},"categories":[24,6],"tags":[],"class_list":["post-3380","post","type-post","status-publish","format-standard","has-post-thumbnail","hentry","category-nacional","category-politics"],"_links":{"self":[{"href":"https:\/\/cooperativaredloslagos.cl\/wp-json\/wp\/v2\/posts\/3380","targetHints":{"allow":["GET"]}}],"collection":[{"href":"https:\/\/cooperativaredloslagos.cl\/wp-json\/wp\/v2\/posts"}],"about":[{"href":"https:\/\/cooperativaredloslagos.cl\/wp-json\/wp\/v2\/types\/post"}],"author":[{"embeddable":true,"href":"https:\/\/cooperativaredloslagos.cl\/wp-json\/wp\/v2\/users\/1"}],"replies":[{"embeddable":true,"href":"https:\/\/cooperativaredloslagos.cl\/wp-json\/wp\/v2\/comments?post=3380"}],"version-history":[{"count":1,"href":"https:\/\/cooperativaredloslagos.cl\/wp-json\/wp\/v2\/posts\/3380\/revisions"}],"predecessor-version":[{"id":3382,"href":"https:\/\/cooperativaredloslagos.cl\/wp-json\/wp\/v2\/posts\/3380\/revisions\/3382"}],"wp:featuredmedia":[{"embeddable":true,"href":"https:\/\/cooperativaredloslagos.cl\/wp-json\/wp\/v2\/media\/3381"}],"wp:attachment":[{"href":"https:\/\/cooperativaredloslagos.cl\/wp-json\/wp\/v2\/media?parent=3380"}],"wp:term":[{"taxonomy":"category","embeddable":true,"href":"https:\/\/cooperativaredloslagos.cl\/wp-json\/wp\/v2\/categories?post=3380"},{"taxonomy":"post_tag","embeddable":true,"href":"https:\/\/cooperativaredloslagos.cl\/wp-json\/wp\/v2\/tags?post=3380"}],"curies":[{"name":"wp","href":"https:\/\/api.w.org\/{rel}","templated":true}]}}