{"id":3389,"date":"2025-11-21T17:30:58","date_gmt":"2025-11-21T20:30:58","guid":{"rendered":"https:\/\/cooperativaredloslagos.cl\/?p=3389"},"modified":"2025-11-21T17:30:59","modified_gmt":"2025-11-21T20:30:59","slug":"museo-juan-pablo-ii-supero-las-cinco-mil-visitas-tras-un-mes-de-reapertura","status":"publish","type":"post","link":"https:\/\/cooperativaredloslagos.cl\/2025\/11\/21\/museo-juan-pablo-ii-supero-las-cinco-mil-visitas-tras-un-mes-de-reapertura\/","title":{"rendered":"Museo Juan Pablo II super\u00f3 las cinco mil visitas tras un mes de reapertura"},"content":{"rendered":"\n<p>El Museo Hist\u00f3rico Juan Pablo II de Puerto Montt (MUPA) ha recibido m\u00e1s de cinco mil visitas desde que reabri\u00f3 sus puertas en septiembre, reflejando un creciente inter\u00e9s de la comunidad escolar y del p\u00fablico general por este espacio patrimonial. Seg\u00fan los registros del recinto, m\u00e1s de cuatro mil personas accedieron mediante inscripci\u00f3n formal, mientras que el resto corresponde a asistentes de actividades especiales y recorridos guiados.<\/p>\n\n\n\n<p>La alta concurrencia ha sido impulsada principalmente por delegaciones de establecimientos municipales y particulares, que han incorporado la visita al museo como parte de sus actividades pedag\u00f3gicas. Entre ellos estuvo la Escuela Padre Hurtado, cuyo profesor, Cristian C\u00e1rcamo, valor\u00f3 la oportunidad de conectar los contenidos trabajados en el aula con el relato hist\u00f3rico que ofrece la colecci\u00f3n del MUPA.<\/p>\n\n\n\n<p>El museo, renovado recientemente, ha fortalecido su rol educativo y comunitario mediante exposiciones interactivas y un programa orientado a acercar la historia local a ni\u00f1os y j\u00f3venes. La administraci\u00f3n espera que el flujo de visitantes contin\u00fae en aumento, especialmente de cara al periodo estival, cuando se intensifican las actividades culturales y los recorridos guiados destinados a familias y turistas.<\/p>\n","protected":false},"excerpt":{"rendered":"<p>El Museo Hist\u00f3rico Juan Pablo II de Puerto Montt (MUPA) ha recibido m\u00e1s de cinco mil visitas desde que reabri\u00f3 sus puertas en septiembre, reflejando [&hellip;]<\/p>\n","protected":false},"author":1,"featured_media":3390,"comment_status":"closed","ping_status":"closed","sticky":false,"template":"","format":"standard","meta":{"_monsterinsights_skip_tracking":false,"_monsterinsights_sitenote_active":false,"_monsterinsights_sitenote_note":"","_monsterinsights_sitenote_category":0,"footnotes":""},"categories":[32,17],"tags":[],"class_list":["post-3389","post","type-post","status-publish","format-standard","has-post-thumbnail","hentry","category-cultura","category-puerto-montt"],"_links":{"self":[{"href":"https:\/\/cooperativaredloslagos.cl\/wp-json\/wp\/v2\/posts\/3389","targetHints":{"allow":["GET"]}}],"collection":[{"href":"https:\/\/cooperativaredloslagos.cl\/wp-json\/wp\/v2\/posts"}],"about":[{"href":"https:\/\/cooperativaredloslagos.cl\/wp-json\/wp\/v2\/types\/post"}],"author":[{"embeddable":true,"href":"https:\/\/cooperativaredloslagos.cl\/wp-json\/wp\/v2\/users\/1"}],"replies":[{"embeddable":true,"href":"https:\/\/cooperativaredloslagos.cl\/wp-json\/wp\/v2\/comments?post=3389"}],"version-history":[{"count":1,"href":"https:\/\/cooperativaredloslagos.cl\/wp-json\/wp\/v2\/posts\/3389\/revisions"}],"predecessor-version":[{"id":3391,"href":"https:\/\/cooperativaredloslagos.cl\/wp-json\/wp\/v2\/posts\/3389\/revisions\/3391"}],"wp:featuredmedia":[{"embeddable":true,"href":"https:\/\/cooperativaredloslagos.cl\/wp-json\/wp\/v2\/media\/3390"}],"wp:attachment":[{"href":"https:\/\/cooperativaredloslagos.cl\/wp-json\/wp\/v2\/media?parent=3389"}],"wp:term":[{"taxonomy":"category","embeddable":true,"href":"https:\/\/cooperativaredloslagos.cl\/wp-json\/wp\/v2\/categories?post=3389"},{"taxonomy":"post_tag","embeddable":true,"href":"https:\/\/cooperativaredloslagos.cl\/wp-json\/wp\/v2\/tags?post=3389"}],"curies":[{"name":"wp","href":"https:\/\/api.w.org\/{rel}","templated":true}]}}