{"id":3407,"date":"2025-11-24T12:04:48","date_gmt":"2025-11-24T15:04:48","guid":{"rendered":"https:\/\/cooperativaredloslagos.cl\/?p=3407"},"modified":"2025-11-24T12:04:49","modified_gmt":"2025-11-24T15:04:49","slug":"frutillar-celebro-su-169-aniversario-con-multitudinario-desfile-civico-militar-en-la-costanera","status":"publish","type":"post","link":"https:\/\/cooperativaredloslagos.cl\/2025\/11\/24\/frutillar-celebro-su-169-aniversario-con-multitudinario-desfile-civico-militar-en-la-costanera\/","title":{"rendered":"Frutillar celebr\u00f3 su 169\u00b0 aniversario con multitudinario desfile c\u00edvico-militar en la costanera"},"content":{"rendered":"\n<p><strong>Miles de vecinos participaron en la tradicional ceremonia, que reuni\u00f3 a instituciones civiles y militares frente al Muelle Peatonal en una jornada marcada por el buen clima y la alta convocatoria.<\/strong><\/p>\n\n\n\n<p>Miles de personas llegaron este s\u00e1bado 22 de noviembre hasta la costanera de Frutillar para presenciar el <strong>desfile c\u00edvico-militar<\/strong> con el que la comuna conmemor\u00f3 su <strong>169\u00b0 aniversario<\/strong>. La actividad se realiz\u00f3 frente al Muelle Peatonal y reuni\u00f3 a organizaciones comunitarias, instituciones p\u00fablicas y representantes de las Fuerzas Armadas y de Orden, en un evento que cont\u00f3 con gran entusiasmo por parte del p\u00fablico.<\/p>\n\n\n\n<p>En el desfile participaron delegaciones de <strong>Carabineros, Ej\u00e9rcito, Armada y Fuerza A\u00e9rea<\/strong>, junto a clubes deportivos, establecimientos educacionales y agrupaciones sociales de la comuna. A medida que avanzaban por la avenida costera, los asistentes respondieron con aplausos, fortaleciendo el car\u00e1cter participativo de la celebraci\u00f3n.<\/p>\n\n\n\n<p>La ceremonia fue encabezada por el alcalde <strong>Javier Arismendi<\/strong>, junto a la delegada presidencial regional <strong>Paulina Mu\u00f1oz<\/strong>, adem\u00e1s de consejeros regionales, concejales y representantes de instituciones de seguridad. Arismendi destac\u00f3 la importancia de mantener vivas estas tradiciones, se\u00f1alando que el desfile \u201ces parte de la identidad local y debe permanecer en el tiempo\u201d.<\/p>\n\n\n\n<p>La delegada Paulina Mu\u00f1oz valor\u00f3 la masiva presencia de la comunidad y felicit\u00f3 a Frutillar por su nuevo aniversario, subrayando el esp\u00edritu c\u00edvico demostrado durante la jornada y el compromiso de los vecinos con las actividades conmemorativas.<\/p>\n","protected":false},"excerpt":{"rendered":"<p>Miles de vecinos participaron en la tradicional ceremonia, que reuni\u00f3 a instituciones civiles y militares frente al Muelle Peatonal en una jornada marcada por el [&hellip;]<\/p>\n","protected":false},"author":1,"featured_media":3408,"comment_status":"closed","ping_status":"closed","sticky":false,"template":"","format":"standard","meta":{"_monsterinsights_skip_tracking":false,"_monsterinsights_sitenote_active":false,"_monsterinsights_sitenote_note":"","_monsterinsights_sitenote_category":0,"footnotes":""},"categories":[26,15],"tags":[],"class_list":["post-3407","post","type-post","status-publish","format-standard","has-post-thumbnail","hentry","category-frutillar","category-regional"],"_links":{"self":[{"href":"https:\/\/cooperativaredloslagos.cl\/wp-json\/wp\/v2\/posts\/3407","targetHints":{"allow":["GET"]}}],"collection":[{"href":"https:\/\/cooperativaredloslagos.cl\/wp-json\/wp\/v2\/posts"}],"about":[{"href":"https:\/\/cooperativaredloslagos.cl\/wp-json\/wp\/v2\/types\/post"}],"author":[{"embeddable":true,"href":"https:\/\/cooperativaredloslagos.cl\/wp-json\/wp\/v2\/users\/1"}],"replies":[{"embeddable":true,"href":"https:\/\/cooperativaredloslagos.cl\/wp-json\/wp\/v2\/comments?post=3407"}],"version-history":[{"count":1,"href":"https:\/\/cooperativaredloslagos.cl\/wp-json\/wp\/v2\/posts\/3407\/revisions"}],"predecessor-version":[{"id":3409,"href":"https:\/\/cooperativaredloslagos.cl\/wp-json\/wp\/v2\/posts\/3407\/revisions\/3409"}],"wp:featuredmedia":[{"embeddable":true,"href":"https:\/\/cooperativaredloslagos.cl\/wp-json\/wp\/v2\/media\/3408"}],"wp:attachment":[{"href":"https:\/\/cooperativaredloslagos.cl\/wp-json\/wp\/v2\/media?parent=3407"}],"wp:term":[{"taxonomy":"category","embeddable":true,"href":"https:\/\/cooperativaredloslagos.cl\/wp-json\/wp\/v2\/categories?post=3407"},{"taxonomy":"post_tag","embeddable":true,"href":"https:\/\/cooperativaredloslagos.cl\/wp-json\/wp\/v2\/tags?post=3407"}],"curies":[{"name":"wp","href":"https:\/\/api.w.org\/{rel}","templated":true}]}}