{"id":3413,"date":"2025-11-25T11:11:09","date_gmt":"2025-11-25T14:11:09","guid":{"rendered":"https:\/\/cooperativaredloslagos.cl\/?p=3413"},"modified":"2025-11-25T11:11:10","modified_gmt":"2025-11-25T14:11:10","slug":"direccion-del-trabajo-inicia-investigacion-por-denuncia-de-maltrato-y-acoso-en-radio-de-puerto-varas","status":"publish","type":"post","link":"https:\/\/cooperativaredloslagos.cl\/2025\/11\/25\/direccion-del-trabajo-inicia-investigacion-por-denuncia-de-maltrato-y-acoso-en-radio-de-puerto-varas\/","title":{"rendered":"Direcci\u00f3n del Trabajo inicia investigaci\u00f3n por denuncia de maltrato y acoso en radio de Puerto Varas"},"content":{"rendered":"\n<p><strong>Una trabajadora renunci\u00f3 en vivo acusando al exalcalde Ram\u00f3n Bahamonde de maltrato laboral y a otro funcionario de acoso sexual. El exjefe comunal anunci\u00f3 una querella por injurias y calumnias.<\/strong><\/p>\n\n\n\n<p>La Direcci\u00f3n del Trabajo abri\u00f3 una&nbsp;<strong>investigaci\u00f3n de oficio<\/strong>&nbsp;tras la denuncia realizada en vivo por una trabajadora de Radio Gratissima, medio de comunicaci\u00f3n perteneciente al exalcalde de Puerto Varas y excandidato a diputado,&nbsp;<strong>Ram\u00f3n Bahamonde<\/strong>. Durante su intervenci\u00f3n al aire, la funcionaria afirm\u00f3 haber sido v\u00edctima de maltrato laboral por parte del exjefe comunal y de acoso sexual por parte de otro trabajador de la emisora.<\/p>\n\n\n\n<p>En su declaraci\u00f3n, la administradora relat\u00f3 que Bahamonde la habr\u00eda gritado y agredido verbalmente durante el ejercicio de sus funciones. Junto con ello, acus\u00f3 a un colega de presionarla para mantener relaciones a cambio de un supuesto \u201cbuen trato laboral\u201d, asegurando que incluso habr\u00eda sufrido boicoteos en su trabajo dentro de los programas de la radio. Sus palabras se viralizaron r\u00e1pidamente en redes sociales, generando amplia reacci\u00f3n p\u00fablica.<\/p>\n\n\n\n<p>Frente a la denuncia, el director regional del Trabajo,&nbsp;<strong>Claudio Salas<\/strong>, confirm\u00f3 que se inici\u00f3 un proceso investigativo para reunir antecedentes y citar a ambas partes a comparendo, instancia en la que se analizar\u00e1 la eventual existencia de vulneraciones laborales y si corresponder\u00eda una indemnizaci\u00f3n para la trabajadora.<\/p>\n\n\n\n<p>Seg\u00fan detall\u00f3 Radio B\u00edo B\u00edo al ser consultado por los hechos,\u00a0<strong>Ram\u00f3n Bahamonde<\/strong>\u00a0neg\u00f3 las acusaciones y anunci\u00f3 la presentaci\u00f3n de una querella por injurias y calumnias. La investigaci\u00f3n se mantendr\u00e1 en curso mientras la Direcci\u00f3n del Trabajo recopila testimonios y antecedentes del caso.<a href=\"https:\/\/www.facebook.com\/sharer\/sharer.php?u=https:\/\/elconquistadorredloslagos.cl\/test\/blog\/2025\/11\/25\/direccion-del-trabajo-inicia-investigacion-por-denuncia-de-maltrato-y-acoso-en-radio-de-puerto-varas\/\"><\/a><\/p>\n","protected":false},"excerpt":{"rendered":"<p>Una trabajadora renunci\u00f3 en vivo acusando al exalcalde Ram\u00f3n Bahamonde de maltrato laboral y a otro funcionario de acoso sexual. El exjefe comunal anunci\u00f3 una [&hellip;]<\/p>\n","protected":false},"author":1,"featured_media":3414,"comment_status":"closed","ping_status":"closed","sticky":false,"template":"","format":"standard","meta":{"_monsterinsights_skip_tracking":false,"_monsterinsights_sitenote_active":false,"_monsterinsights_sitenote_note":"","_monsterinsights_sitenote_category":0,"footnotes":""},"categories":[30,15],"tags":[],"class_list":["post-3413","post","type-post","status-publish","format-standard","has-post-thumbnail","hentry","category-puerto-varas","category-regional"],"_links":{"self":[{"href":"https:\/\/cooperativaredloslagos.cl\/wp-json\/wp\/v2\/posts\/3413","targetHints":{"allow":["GET"]}}],"collection":[{"href":"https:\/\/cooperativaredloslagos.cl\/wp-json\/wp\/v2\/posts"}],"about":[{"href":"https:\/\/cooperativaredloslagos.cl\/wp-json\/wp\/v2\/types\/post"}],"author":[{"embeddable":true,"href":"https:\/\/cooperativaredloslagos.cl\/wp-json\/wp\/v2\/users\/1"}],"replies":[{"embeddable":true,"href":"https:\/\/cooperativaredloslagos.cl\/wp-json\/wp\/v2\/comments?post=3413"}],"version-history":[{"count":1,"href":"https:\/\/cooperativaredloslagos.cl\/wp-json\/wp\/v2\/posts\/3413\/revisions"}],"predecessor-version":[{"id":3415,"href":"https:\/\/cooperativaredloslagos.cl\/wp-json\/wp\/v2\/posts\/3413\/revisions\/3415"}],"wp:featuredmedia":[{"embeddable":true,"href":"https:\/\/cooperativaredloslagos.cl\/wp-json\/wp\/v2\/media\/3414"}],"wp:attachment":[{"href":"https:\/\/cooperativaredloslagos.cl\/wp-json\/wp\/v2\/media?parent=3413"}],"wp:term":[{"taxonomy":"category","embeddable":true,"href":"https:\/\/cooperativaredloslagos.cl\/wp-json\/wp\/v2\/categories?post=3413"},{"taxonomy":"post_tag","embeddable":true,"href":"https:\/\/cooperativaredloslagos.cl\/wp-json\/wp\/v2\/tags?post=3413"}],"curies":[{"name":"wp","href":"https:\/\/api.w.org\/{rel}","templated":true}]}}