{"id":3435,"date":"2025-11-27T10:50:26","date_gmt":"2025-11-27T13:50:26","guid":{"rendered":"https:\/\/cooperativaredloslagos.cl\/?p=3435"},"modified":"2025-11-27T10:51:17","modified_gmt":"2025-11-27T13:51:17","slug":"gobierno-incorpora-financiamiento-para-el-parque-metropolitano-tras-gestiones-del-alcalde-y-diputado-gonzalez","status":"publish","type":"post","link":"https:\/\/cooperativaredloslagos.cl\/2025\/11\/27\/gobierno-incorpora-financiamiento-para-el-parque-metropolitano-tras-gestiones-del-alcalde-y-diputado-gonzalez\/","title":{"rendered":"Gobierno incorpora financiamiento para el Parque Metropolitano tras gestiones del alcalde y diputado Gonz\u00e1lez"},"content":{"rendered":"\n<p><strong>El Ministerio de Hacienda confirm\u00f3 que el proyecto ser\u00e1 identificado presupuestariamente a inicios de 2026, luego de que autoridades locales advirtieran la ausencia de recursos en el Presupuesto de la Naci\u00f3n.<\/strong><\/p>\n\n\n\n<p>Puerto Montt contar\u00e1 con financiamiento para el Parque Metropolitano tras la reuni\u00f3n sostenida por el alcalde Rodrigo Wainraihgt Galilea y el diputado Mauro Gonz\u00e1lez con el ministro de Hacienda, Nicol\u00e1s Grau. El Gobierno confirm\u00f3 que el proyecto ser\u00e1 incluido entre 74 iniciativas priorizadas, luego de las cr\u00edticas surgidas por la falta de recursos en la propuesta inicial del Presupuesto 2026. En un documento oficial, el Ejecutivo comprometi\u00f3 \u201cla identificaci\u00f3n presupuestaria del proyecto del Parque Metropolitano de Puerto Montt para inicios del a\u00f1o 2026\u201d.<\/p>\n\n\n\n<p>El alcalde Wainraihgt valor\u00f3 la gesti\u00f3n conjunta y sostuvo que la decisi\u00f3n permite revertir lo que calific\u00f3 como una falta de apoyo del Ministerio de Vivienda. A su juicio, el Parque Metropolitano tendr\u00e1 un impacto positivo para toda la ciudad, tanto en materia ambiental como en la recuperaci\u00f3n de espacios p\u00fablicos en un sector actualmente deteriorado. \u201cEsto es un tremendo beneficio para todos los puertomontinos\u201d, afirm\u00f3.<\/p>\n\n\n\n<p>Por su parte, el diputado Mauro Gonz\u00e1lez destac\u00f3 que el compromiso debe mantenerse durante la pr\u00f3xima administraci\u00f3n gubernamental, dado el avance que representa para la comuna. El parlamentario recalc\u00f3 que la formalizaci\u00f3n del financiamiento constituye un paso clave para asegurar la ejecuci\u00f3n del proyecto y llam\u00f3 a resguardar su continuidad.<\/p>\n\n\n\n<p>El Parque Metropolitano contempla intervenir 4,2 hect\u00e1reas en los terrenos del ex puerto petrolero, como una extensi\u00f3n del Parque Costanera. El proyecto cuenta con Resoluci\u00f3n Satisfactoria (RS) de Ejecuci\u00f3n otorgada por el Mideso, y su modelo de gesti\u00f3n y costos anuales fue aprobado de manera un\u00e1nime por el Concejo Municipal en octubre, marcando un hito en su desarrollo.<\/p>\n","protected":false},"excerpt":{"rendered":"<p>El Ministerio de Hacienda confirm\u00f3 que el proyecto ser\u00e1 identificado presupuestariamente a inicios de 2026, luego de que autoridades locales advirtieran la ausencia de recursos [&hellip;]<\/p>\n","protected":false},"author":1,"featured_media":3437,"comment_status":"closed","ping_status":"closed","sticky":false,"template":"","format":"standard","meta":{"_monsterinsights_skip_tracking":false,"_monsterinsights_sitenote_active":false,"_monsterinsights_sitenote_note":"","_monsterinsights_sitenote_category":0,"footnotes":""},"categories":[17,15,35],"tags":[],"class_list":["post-3435","post","type-post","status-publish","format-standard","has-post-thumbnail","hentry","category-puerto-montt","category-regional","category-turismo"],"_links":{"self":[{"href":"https:\/\/cooperativaredloslagos.cl\/wp-json\/wp\/v2\/posts\/3435","targetHints":{"allow":["GET"]}}],"collection":[{"href":"https:\/\/cooperativaredloslagos.cl\/wp-json\/wp\/v2\/posts"}],"about":[{"href":"https:\/\/cooperativaredloslagos.cl\/wp-json\/wp\/v2\/types\/post"}],"author":[{"embeddable":true,"href":"https:\/\/cooperativaredloslagos.cl\/wp-json\/wp\/v2\/users\/1"}],"replies":[{"embeddable":true,"href":"https:\/\/cooperativaredloslagos.cl\/wp-json\/wp\/v2\/comments?post=3435"}],"version-history":[{"count":1,"href":"https:\/\/cooperativaredloslagos.cl\/wp-json\/wp\/v2\/posts\/3435\/revisions"}],"predecessor-version":[{"id":3436,"href":"https:\/\/cooperativaredloslagos.cl\/wp-json\/wp\/v2\/posts\/3435\/revisions\/3436"}],"wp:featuredmedia":[{"embeddable":true,"href":"https:\/\/cooperativaredloslagos.cl\/wp-json\/wp\/v2\/media\/3437"}],"wp:attachment":[{"href":"https:\/\/cooperativaredloslagos.cl\/wp-json\/wp\/v2\/media?parent=3435"}],"wp:term":[{"taxonomy":"category","embeddable":true,"href":"https:\/\/cooperativaredloslagos.cl\/wp-json\/wp\/v2\/categories?post=3435"},{"taxonomy":"post_tag","embeddable":true,"href":"https:\/\/cooperativaredloslagos.cl\/wp-json\/wp\/v2\/tags?post=3435"}],"curies":[{"name":"wp","href":"https:\/\/api.w.org\/{rel}","templated":true}]}}