{"id":3531,"date":"2025-12-05T19:06:42","date_gmt":"2025-12-05T22:06:42","guid":{"rendered":"https:\/\/cooperativaredloslagos.cl\/?p=3531"},"modified":"2025-12-05T19:06:43","modified_gmt":"2025-12-05T22:06:43","slug":"presentaron-portafolio-con-50-proyectos-de-infraestructura-sostenible-e-inclusiva-para-los-lagos","status":"publish","type":"post","link":"https:\/\/cooperativaredloslagos.cl\/2025\/12\/05\/presentaron-portafolio-con-50-proyectos-de-infraestructura-sostenible-e-inclusiva-para-los-lagos\/","title":{"rendered":"Presentaron portafolio con 50 proyectos de infraestructura sostenible e inclusiva para Los Lagos"},"content":{"rendered":"\n<p><strong>El Gobierno Regional, la Universidad de Los Lagos y un comit\u00e9 multidisciplinario lanzaron el Portafolio Los Lagos 2050, una hoja de ruta con iniciativas prioritarias que buscan mejorar competitividad, calidad de vida y sostenibilidad territorial. El documento fue presentado en el seminario de cierre del programa ISIC.<\/strong><\/p>\n\n\n\n<p>Con la participaci\u00f3n de autoridades regionales, acad\u00e9micos y representantes del sector privado, se realiz\u00f3 en Puerto Montt el seminario de cierre del programa <em>Infraestructura Sostenible e Inclusiva para la Competitividad Regional<\/em> (ISIC), impulsado por el Gobierno Regional y desarrollado por la Universidad de Los Lagos. En la instancia se present\u00f3 el <strong>Portafolio Los Lagos 2050<\/strong>, una cartera de 50 proyectos estrat\u00e9gicos orientados a reducir brechas de acceso a servicios, fortalecer la competitividad y promover infraestructura con criterios de sostenibilidad e inclusi\u00f3n.<\/p>\n\n\n\n<p>El gobernador Alejandro Santana destac\u00f3 el car\u00e1cter colaborativo de la iniciativa y su aporte a la planificaci\u00f3n regional, subrayando que el portafolio constituye \u201cun mapeo estrat\u00e9gico con alta viabilidad en el corto plazo\u201d, fruto del trabajo entre sector p\u00fablico, privado y academia. La actividad incluy\u00f3 exposiciones de expertos como Carlos Zeppel\u00edn, del Consejo de Pol\u00edticas de Infraestructura, quien llam\u00f3 a avanzar hacia una mirada integral de la infraestructura como servicio, y a articular herramientas como el PROT y los planes comunales de desarrollo.<\/p>\n\n\n\n<p>Durante el encuentro tambi\u00e9n intervino Lorenzo Miranda, presidente de la CChC Puerto Montt, quien vincul\u00f3 los desaf\u00edos revelados por el Censo 2024 con la urgencia de implementar una hoja de ruta que trascienda el diagn\u00f3stico. Destac\u00f3 que el portafolio representa un hito, pero que su impacto depender\u00e1 del seguimiento y la ejecuci\u00f3n efectiva de las iniciativas.<\/p>\n\n\n\n<p>El seminario concluy\u00f3 con un panel interinstitucional donde se abordaron los principales retos en conectividad, planificaci\u00f3n territorial y desarrollo sostenible, enfatizando la necesidad de fortalecer la colaboraci\u00f3n p\u00fablico\u2013privada para llevar adelante los proyectos priorizados y avanzar hacia un modelo de desarrollo m\u00e1s equitativo y competitivo para la Regi\u00f3n de Los Lagos.<\/p>\n","protected":false},"excerpt":{"rendered":"<p>El Gobierno Regional, la Universidad de Los Lagos y un comit\u00e9 multidisciplinario lanzaron el Portafolio Los Lagos 2050, una hoja de ruta con iniciativas prioritarias [&hellip;]<\/p>\n","protected":false},"author":1,"featured_media":3532,"comment_status":"closed","ping_status":"closed","sticky":false,"template":"","format":"standard","meta":{"_monsterinsights_skip_tracking":false,"_monsterinsights_sitenote_active":false,"_monsterinsights_sitenote_note":"","_monsterinsights_sitenote_category":0,"footnotes":""},"categories":[2,17,4],"tags":[],"class_list":["post-3531","post","type-post","status-publish","format-standard","has-post-thumbnail","hentry","category-business","category-puerto-montt","category-lifestyle"],"_links":{"self":[{"href":"https:\/\/cooperativaredloslagos.cl\/wp-json\/wp\/v2\/posts\/3531","targetHints":{"allow":["GET"]}}],"collection":[{"href":"https:\/\/cooperativaredloslagos.cl\/wp-json\/wp\/v2\/posts"}],"about":[{"href":"https:\/\/cooperativaredloslagos.cl\/wp-json\/wp\/v2\/types\/post"}],"author":[{"embeddable":true,"href":"https:\/\/cooperativaredloslagos.cl\/wp-json\/wp\/v2\/users\/1"}],"replies":[{"embeddable":true,"href":"https:\/\/cooperativaredloslagos.cl\/wp-json\/wp\/v2\/comments?post=3531"}],"version-history":[{"count":1,"href":"https:\/\/cooperativaredloslagos.cl\/wp-json\/wp\/v2\/posts\/3531\/revisions"}],"predecessor-version":[{"id":3533,"href":"https:\/\/cooperativaredloslagos.cl\/wp-json\/wp\/v2\/posts\/3531\/revisions\/3533"}],"wp:featuredmedia":[{"embeddable":true,"href":"https:\/\/cooperativaredloslagos.cl\/wp-json\/wp\/v2\/media\/3532"}],"wp:attachment":[{"href":"https:\/\/cooperativaredloslagos.cl\/wp-json\/wp\/v2\/media?parent=3531"}],"wp:term":[{"taxonomy":"category","embeddable":true,"href":"https:\/\/cooperativaredloslagos.cl\/wp-json\/wp\/v2\/categories?post=3531"},{"taxonomy":"post_tag","embeddable":true,"href":"https:\/\/cooperativaredloslagos.cl\/wp-json\/wp\/v2\/tags?post=3531"}],"curies":[{"name":"wp","href":"https:\/\/api.w.org\/{rel}","templated":true}]}}