{"id":3534,"date":"2025-12-06T12:24:32","date_gmt":"2025-12-06T15:24:32","guid":{"rendered":"https:\/\/cooperativaredloslagos.cl\/?p=3534"},"modified":"2025-12-07T12:37:32","modified_gmt":"2025-12-07T15:37:32","slug":"8-de-diciembre-feriado-por-la-inmaculada-concepcion-marcara-el-ultimo-fin-de-semana-largo-del-ano","status":"publish","type":"post","link":"https:\/\/cooperativaredloslagos.cl\/2025\/12\/06\/8-de-diciembre-feriado-por-la-inmaculada-concepcion-marcara-el-ultimo-fin-de-semana-largo-del-ano\/","title":{"rendered":"8 de diciembre: feriado por la Inmaculada Concepci\u00f3n marcar\u00e1 el \u00faltimo fin de semana largo del a\u00f1o"},"content":{"rendered":"\n<p><strong>La segunda semana de diciembre comenzar\u00e1 con un feriado tradicional para el mundo cat\u00f3lico, fecha que no es irrenunciable y que mantiene el funcionamiento normal del comercio y supermercados.<\/strong><\/p>\n\n\n\n<p>El lunes 8 de diciembre ser\u00e1 feriado en todo el pa\u00eds con motivo de la <strong>Inmaculada Concepci\u00f3n de la Sant\u00edsima Virgen Mar\u00eda<\/strong>, una celebraci\u00f3n hist\u00f3rica para la Iglesia Cat\u00f3lica que cada a\u00f1o convoca a miles de fieles, especialmente en la tradicional peregrinaci\u00f3n hacia el Santuario de Lo V\u00e1squez. La conmemoraci\u00f3n fue establecida en 1915 durante el gobierno de Ram\u00f3n Barros Luco mediante la Ley 2.977.<\/p>\n\n\n\n<p>Seg\u00fan la doctrina cat\u00f3lica, la fecha recuerda el instante en que Mar\u00eda fue concebida en el vientre de su madre, nueve meses antes de su nacimiento, que se conmemora el 8 de septiembre. Por ello, este feriado tiene especial significado religioso y marca uno de los hitos previos a las celebraciones de fin de a\u00f1o.<\/p>\n\n\n\n<p>A diferencia de otros feriados, el 8 de diciembre <strong>no es irrenunciable<\/strong>, por lo que supermercados, centros comerciales y comercio en general podr\u00e1n operar con normalidad. La normativa chilena establece solo cinco d\u00edas de descanso obligatorio: 1 de enero, 1 de mayo, 17 y 18 de septiembre, y 25 de diciembre.<\/p>\n\n\n\n<p>Con este feriado se cierra el \u00faltimo fin de semana largo de 2025, en una jornada que combinar\u00e1 actividades religiosas, desplazamientos y el inicio de la temporada de mayor movimiento previo a Navidad.<\/p>\n","protected":false},"excerpt":{"rendered":"<p>La segunda semana de diciembre comenzar\u00e1 con un feriado tradicional para el mundo cat\u00f3lico, fecha que no es irrenunciable y que mantiene el funcionamiento normal [&hellip;]<\/p>\n","protected":false},"author":1,"featured_media":3535,"comment_status":"closed","ping_status":"closed","sticky":false,"template":"","format":"standard","meta":{"_monsterinsights_skip_tracking":false,"_monsterinsights_sitenote_active":false,"_monsterinsights_sitenote_note":"","_monsterinsights_sitenote_category":0,"footnotes":""},"categories":[24,17,15],"tags":[],"class_list":["post-3534","post","type-post","status-publish","format-standard","has-post-thumbnail","hentry","category-nacional","category-puerto-montt","category-regional"],"_links":{"self":[{"href":"https:\/\/cooperativaredloslagos.cl\/wp-json\/wp\/v2\/posts\/3534","targetHints":{"allow":["GET"]}}],"collection":[{"href":"https:\/\/cooperativaredloslagos.cl\/wp-json\/wp\/v2\/posts"}],"about":[{"href":"https:\/\/cooperativaredloslagos.cl\/wp-json\/wp\/v2\/types\/post"}],"author":[{"embeddable":true,"href":"https:\/\/cooperativaredloslagos.cl\/wp-json\/wp\/v2\/users\/1"}],"replies":[{"embeddable":true,"href":"https:\/\/cooperativaredloslagos.cl\/wp-json\/wp\/v2\/comments?post=3534"}],"version-history":[{"count":1,"href":"https:\/\/cooperativaredloslagos.cl\/wp-json\/wp\/v2\/posts\/3534\/revisions"}],"predecessor-version":[{"id":3536,"href":"https:\/\/cooperativaredloslagos.cl\/wp-json\/wp\/v2\/posts\/3534\/revisions\/3536"}],"wp:featuredmedia":[{"embeddable":true,"href":"https:\/\/cooperativaredloslagos.cl\/wp-json\/wp\/v2\/media\/3535"}],"wp:attachment":[{"href":"https:\/\/cooperativaredloslagos.cl\/wp-json\/wp\/v2\/media?parent=3534"}],"wp:term":[{"taxonomy":"category","embeddable":true,"href":"https:\/\/cooperativaredloslagos.cl\/wp-json\/wp\/v2\/categories?post=3534"},{"taxonomy":"post_tag","embeddable":true,"href":"https:\/\/cooperativaredloslagos.cl\/wp-json\/wp\/v2\/tags?post=3534"}],"curies":[{"name":"wp","href":"https:\/\/api.w.org\/{rel}","templated":true}]}}