{"id":3550,"date":"2025-12-08T22:05:52","date_gmt":"2025-12-09T01:05:52","guid":{"rendered":"https:\/\/cooperativaredloslagos.cl\/?p=3550"},"modified":"2025-12-08T22:05:54","modified_gmt":"2025-12-09T01:05:54","slug":"ministro-elizalde-acusa-a-kast-de-difundir-falsedades-y-advierte-sobre-propuesta-para-conmutar-penas-a-condenados-por-delitos-sexuales","status":"publish","type":"post","link":"https:\/\/cooperativaredloslagos.cl\/2025\/12\/08\/ministro-elizalde-acusa-a-kast-de-difundir-falsedades-y-advierte-sobre-propuesta-para-conmutar-penas-a-condenados-por-delitos-sexuales\/","title":{"rendered":"Ministro Elizalde acusa a Kast de \u201cdifundir falsedades\u201d y advierte sobre propuesta para conmutar penas a condenados por delitos sexuales"},"content":{"rendered":"\n<p>El ministro del Interior, \u00c1lvaro Elizalde, respondi\u00f3 este domingo a las cr\u00edticas del candidato presidencial Jos\u00e9 Antonio Kast, acus\u00e1ndolo de instalar afirmaciones \u201cfalsas\u201d en materias econ\u00f3micas, de seguridad y migraci\u00f3n. Adem\u00e1s, cuestion\u00f3 duramente al diputado republicano Jos\u00e9 Carlos Meza por plantear la posibilidad de conmutar penas incluso a personas condenadas por delitos sexuales contra menores.<\/p>\n\n\n\n<p>Elizalde afirm\u00f3 que el debate electoral \u201cdebe realizarse sobre la base de hechos, no de falsedades\u201d, se\u00f1alando que los indicadores oficiales muestran mejoras respecto de tres a\u00f1os y medio atr\u00e1s. Destac\u00f3 el crecimiento econ\u00f3mico por encima del potencial estimado por el Banco Central, la ca\u00edda sostenida de la inflaci\u00f3n y el control del d\u00e9ficit fiscal. \u201cHubo una proyecci\u00f3n de d\u00e9ficit mayor el primer a\u00f1o y, gracias a pol\u00edticas responsables, se logr\u00f3 balancear\u201d, sostuvo.<\/p>\n\n\n\n<p>Respecto a seguridad, el ministro desestim\u00f3 las cifras expuestas por Kast. \u201cLa informaci\u00f3n que entrega es falsa. Cuando hablamos de cifras de seguridad, hablamos de reportes oficiales de Carabineros, la PDI y el Ministerio P\u00fablico, que es aut\u00f3nomo\u201d, enfatiz\u00f3. En migraci\u00f3n, asegur\u00f3 que el periodo m\u00e1s cr\u00edtico fue en 2021, cuando \u2014dijo\u2014 el 36% de los migrantes del \u00faltimo censo ingresaron al pa\u00eds, y afirm\u00f3 que los ingresos irregulares han disminuido cerca de un 50% bajo la actual administraci\u00f3n.<\/p>\n\n\n\n<p>Elizalde tambi\u00e9n cuestion\u00f3 al diputado republicano Jos\u00e9 Carlos Meza por proponer beneficios carcelarios para condenados por delitos sexuales contra menores. \u201cEs muy grave la propuesta de liberar a quienes cometen delitos sexuales contra ni\u00f1os\u201d, advirti\u00f3, se\u00f1alando que esta postura no es aislada: \u201cForma parte de un proyecto impulsado por sectores de la oposici\u00f3n en el Senado, que permitir\u00eda que violadores, abusadores de menores, homicidas y autores de delitos graves salgan en libertad a los 70 a\u00f1os sin cumplir la totalidad de sus condenas\u201d.<\/p>\n","protected":false},"excerpt":{"rendered":"<p>El ministro del Interior, \u00c1lvaro Elizalde, respondi\u00f3 este domingo a las cr\u00edticas del candidato presidencial Jos\u00e9 Antonio Kast, acus\u00e1ndolo de instalar afirmaciones \u201cfalsas\u201d en materias [&hellip;]<\/p>\n","protected":false},"author":1,"featured_media":2777,"comment_status":"closed","ping_status":"closed","sticky":false,"template":"","format":"standard","meta":{"_monsterinsights_skip_tracking":false,"_monsterinsights_sitenote_active":false,"_monsterinsights_sitenote_note":"","_monsterinsights_sitenote_category":0,"footnotes":""},"categories":[24,6],"tags":[],"class_list":["post-3550","post","type-post","status-publish","format-standard","has-post-thumbnail","hentry","category-nacional","category-politics"],"_links":{"self":[{"href":"https:\/\/cooperativaredloslagos.cl\/wp-json\/wp\/v2\/posts\/3550","targetHints":{"allow":["GET"]}}],"collection":[{"href":"https:\/\/cooperativaredloslagos.cl\/wp-json\/wp\/v2\/posts"}],"about":[{"href":"https:\/\/cooperativaredloslagos.cl\/wp-json\/wp\/v2\/types\/post"}],"author":[{"embeddable":true,"href":"https:\/\/cooperativaredloslagos.cl\/wp-json\/wp\/v2\/users\/1"}],"replies":[{"embeddable":true,"href":"https:\/\/cooperativaredloslagos.cl\/wp-json\/wp\/v2\/comments?post=3550"}],"version-history":[{"count":1,"href":"https:\/\/cooperativaredloslagos.cl\/wp-json\/wp\/v2\/posts\/3550\/revisions"}],"predecessor-version":[{"id":3551,"href":"https:\/\/cooperativaredloslagos.cl\/wp-json\/wp\/v2\/posts\/3550\/revisions\/3551"}],"wp:featuredmedia":[{"embeddable":true,"href":"https:\/\/cooperativaredloslagos.cl\/wp-json\/wp\/v2\/media\/2777"}],"wp:attachment":[{"href":"https:\/\/cooperativaredloslagos.cl\/wp-json\/wp\/v2\/media?parent=3550"}],"wp:term":[{"taxonomy":"category","embeddable":true,"href":"https:\/\/cooperativaredloslagos.cl\/wp-json\/wp\/v2\/categories?post=3550"},{"taxonomy":"post_tag","embeddable":true,"href":"https:\/\/cooperativaredloslagos.cl\/wp-json\/wp\/v2\/tags?post=3550"}],"curies":[{"name":"wp","href":"https:\/\/api.w.org\/{rel}","templated":true}]}}