{"id":3567,"date":"2025-12-09T21:17:35","date_gmt":"2025-12-10T00:17:35","guid":{"rendered":"https:\/\/cooperativaredloslagos.cl\/?p=3567"},"modified":"2025-12-09T21:17:37","modified_gmt":"2025-12-10T00:17:37","slug":"puerto-montt-aprueba-presupuesto-2026-por-mas-de-228-mil-millones-y-proyecta-crecimiento-comunal","status":"publish","type":"post","link":"https:\/\/cooperativaredloslagos.cl\/2025\/12\/09\/puerto-montt-aprueba-presupuesto-2026-por-mas-de-228-mil-millones-y-proyecta-crecimiento-comunal\/","title":{"rendered":"Puerto Montt aprueba Presupuesto 2026 por m\u00e1s de $228 mil millones y proyecta crecimiento comunal"},"content":{"rendered":"\n<p>El Concejo Municipal de Puerto Montt aprob\u00f3 por unanimidad el Presupuesto 2026 para los sectores Municipal, Educaci\u00f3n, Salud y Cementerios, alcanzando un total de $228.792 millones. La votaci\u00f3n se concret\u00f3 tras semanas de an\u00e1lisis t\u00e9cnico y sesiones especiales, consolidando una hoja de ruta enfocada en seguridad, educaci\u00f3n, salud e infraestructura.<\/p>\n\n\n\n<p>El alcalde Rodrigo Wainraihgt Galilea calific\u00f3 la aprobaci\u00f3n como \u201cuna importante noticia para Puerto Montt\u201d, destacando que se trata de un presupuesto in\u00e9dito por su magnitud. \u201cNos permitir\u00e1 seguir avanzando hacia el sue\u00f1o de transformar a Puerto Montt en una de las ciudades m\u00e1s relevantes del pa\u00eds\u201d, afirm\u00f3. Desde Secplan, su director Francisco Barr\u00eda valor\u00f3 el trabajo conjunto con los concejales y resalt\u00f3 que el documento fue consensuado antes del plazo legal, tras una revisi\u00f3n exhaustiva.<\/p>\n\n\n\n<p>La concejala Valeria Baza, presidenta de la Comisi\u00f3n de Hacienda y R\u00e9gimen Interno, destac\u00f3 el rol de los directores municipales y las correcciones aplicadas en \u00e1reas como deportes, subvenciones y salud. \u201cFue un trabajo largo, colaborativo y transparente, donde cada concejal pudo plantear sus puntos de vista\u201d, se\u00f1al\u00f3.<\/p>\n\n\n\n<p>El Presupuesto 2026 permitir\u00e1 a la administraci\u00f3n proyectar una agenda de crecimiento en turismo, innovaci\u00f3n e infraestructura, orientada a atraer inversi\u00f3n p\u00fablica y privada. Los montos asignados son: Municipal ($90.886 millones), Educaci\u00f3n ($82.155 millones), Salud ($55.284 millones) y Cementerios ($466 millones), consolidando el presupuesto m\u00e1s alto aprobado en la historia de la comuna.<\/p>\n","protected":false},"excerpt":{"rendered":"<p>El Concejo Municipal de Puerto Montt aprob\u00f3 por unanimidad el Presupuesto 2026 para los sectores Municipal, Educaci\u00f3n, Salud y Cementerios, alcanzando un total de $228.792 [&hellip;]<\/p>\n","protected":false},"author":1,"featured_media":3568,"comment_status":"closed","ping_status":"closed","sticky":false,"template":"","format":"standard","meta":{"_monsterinsights_skip_tracking":false,"_monsterinsights_sitenote_active":false,"_monsterinsights_sitenote_note":"","_monsterinsights_sitenote_category":0,"footnotes":""},"categories":[6,17,15],"tags":[],"class_list":["post-3567","post","type-post","status-publish","format-standard","has-post-thumbnail","hentry","category-politics","category-puerto-montt","category-regional"],"_links":{"self":[{"href":"https:\/\/cooperativaredloslagos.cl\/wp-json\/wp\/v2\/posts\/3567","targetHints":{"allow":["GET"]}}],"collection":[{"href":"https:\/\/cooperativaredloslagos.cl\/wp-json\/wp\/v2\/posts"}],"about":[{"href":"https:\/\/cooperativaredloslagos.cl\/wp-json\/wp\/v2\/types\/post"}],"author":[{"embeddable":true,"href":"https:\/\/cooperativaredloslagos.cl\/wp-json\/wp\/v2\/users\/1"}],"replies":[{"embeddable":true,"href":"https:\/\/cooperativaredloslagos.cl\/wp-json\/wp\/v2\/comments?post=3567"}],"version-history":[{"count":1,"href":"https:\/\/cooperativaredloslagos.cl\/wp-json\/wp\/v2\/posts\/3567\/revisions"}],"predecessor-version":[{"id":3569,"href":"https:\/\/cooperativaredloslagos.cl\/wp-json\/wp\/v2\/posts\/3567\/revisions\/3569"}],"wp:featuredmedia":[{"embeddable":true,"href":"https:\/\/cooperativaredloslagos.cl\/wp-json\/wp\/v2\/media\/3568"}],"wp:attachment":[{"href":"https:\/\/cooperativaredloslagos.cl\/wp-json\/wp\/v2\/media?parent=3567"}],"wp:term":[{"taxonomy":"category","embeddable":true,"href":"https:\/\/cooperativaredloslagos.cl\/wp-json\/wp\/v2\/categories?post=3567"},{"taxonomy":"post_tag","embeddable":true,"href":"https:\/\/cooperativaredloslagos.cl\/wp-json\/wp\/v2\/tags?post=3567"}],"curies":[{"name":"wp","href":"https:\/\/api.w.org\/{rel}","templated":true}]}}