{"id":3582,"date":"2025-12-10T18:01:40","date_gmt":"2025-12-10T21:01:40","guid":{"rendered":"https:\/\/cooperativaredloslagos.cl\/?p=3582"},"modified":"2025-12-10T18:13:11","modified_gmt":"2025-12-10T21:13:11","slug":"dos-guardias-quedan-graves-tras-violento-atropello-en-supermercado-lider-de-puerto-montt","status":"publish","type":"post","link":"https:\/\/cooperativaredloslagos.cl\/2025\/12\/10\/dos-guardias-quedan-graves-tras-violento-atropello-en-supermercado-lider-de-puerto-montt\/","title":{"rendered":"Dos guardias quedan graves tras violento atropello en supermercado L\u00edder de Puerto Montt"},"content":{"rendered":"\n<p><strong>Un conductor embisti\u00f3 por la espalda a los trabajadores en el estacionamiento del recinto y huy\u00f3 del lugar. El hecho, registrado en <a href=\"https:\/\/www.instagram.com\/p\/DSFzI1akVis\/?hl=es\" target=\"_blank\" rel=\"noopener\" title=\"\">video<\/a>, motiv\u00f3 un amplio operativo policial para dar con el responsable.<\/strong><\/p>\n\n\n\n<p>Dos guardias de seguridad resultaron gravemente heridos la ma\u00f1ana de este mi\u00e9rcoles en el supermercado L\u00edder de Puerto Montt, luego de que un conductor los atropellara deliberadamente en los estacionamientos del recinto. El veh\u00edculo ingres\u00f3 a gran velocidad, subi\u00f3 a una vereda peatonal y arroll\u00f3 a los trabajadores por la espalda, seg\u00fan se observa en un video difundido en redes sociales. Tras el impacto, el responsable escap\u00f3 del lugar sin prestar ayuda.<\/p>\n\n\n\n<p>De acuerdo con informaci\u00f3n preliminar, el autor ser\u00eda un vendedor ambulante que operaba en el sector y que minutos antes hab\u00eda sido retirado por los guardias. Debido a la gravedad de las lesiones, tres ambulancias del Samu trasladaron a las v\u00edctimas hasta el Hospital de Puerto Montt, donde permanecen bajo evaluaci\u00f3n m\u00e9dica.<\/p>\n\n\n\n<p>El alcalde Rodrigo Wainraihgt calific\u00f3 el ataque como \u201cbrutal\u201d y confirm\u00f3 que el municipio ya revisa las c\u00e1maras de seguridad para apoyar la identificaci\u00f3n del responsable. La autoridad hizo un llamado a la comunidad para aportar antecedentes que permitan su detenci\u00f3n, advirtiendo sobre la evidente peligrosidad del sujeto.<\/p>\n","protected":false},"excerpt":{"rendered":"<p>Un conductor embisti\u00f3 por la espalda a los trabajadores en el estacionamiento del recinto y huy\u00f3 del lugar. El hecho, registrado en video, motiv\u00f3 un [&hellip;]<\/p>\n","protected":false},"author":1,"featured_media":3583,"comment_status":"closed","ping_status":"closed","sticky":false,"template":"","format":"standard","meta":{"_monsterinsights_skip_tracking":false,"_monsterinsights_sitenote_active":false,"_monsterinsights_sitenote_note":"","_monsterinsights_sitenote_category":0,"footnotes":""},"categories":[28,17,15],"tags":[],"class_list":["post-3582","post","type-post","status-publish","format-standard","has-post-thumbnail","hentry","category-policial","category-puerto-montt","category-regional"],"_links":{"self":[{"href":"https:\/\/cooperativaredloslagos.cl\/wp-json\/wp\/v2\/posts\/3582","targetHints":{"allow":["GET"]}}],"collection":[{"href":"https:\/\/cooperativaredloslagos.cl\/wp-json\/wp\/v2\/posts"}],"about":[{"href":"https:\/\/cooperativaredloslagos.cl\/wp-json\/wp\/v2\/types\/post"}],"author":[{"embeddable":true,"href":"https:\/\/cooperativaredloslagos.cl\/wp-json\/wp\/v2\/users\/1"}],"replies":[{"embeddable":true,"href":"https:\/\/cooperativaredloslagos.cl\/wp-json\/wp\/v2\/comments?post=3582"}],"version-history":[{"count":2,"href":"https:\/\/cooperativaredloslagos.cl\/wp-json\/wp\/v2\/posts\/3582\/revisions"}],"predecessor-version":[{"id":3585,"href":"https:\/\/cooperativaredloslagos.cl\/wp-json\/wp\/v2\/posts\/3582\/revisions\/3585"}],"wp:featuredmedia":[{"embeddable":true,"href":"https:\/\/cooperativaredloslagos.cl\/wp-json\/wp\/v2\/media\/3583"}],"wp:attachment":[{"href":"https:\/\/cooperativaredloslagos.cl\/wp-json\/wp\/v2\/media?parent=3582"}],"wp:term":[{"taxonomy":"category","embeddable":true,"href":"https:\/\/cooperativaredloslagos.cl\/wp-json\/wp\/v2\/categories?post=3582"},{"taxonomy":"post_tag","embeddable":true,"href":"https:\/\/cooperativaredloslagos.cl\/wp-json\/wp\/v2\/tags?post=3582"}],"curies":[{"name":"wp","href":"https:\/\/api.w.org\/{rel}","templated":true}]}}