{"id":3601,"date":"2025-12-11T18:54:10","date_gmt":"2025-12-11T21:54:10","guid":{"rendered":"https:\/\/cooperativaredloslagos.cl\/?p=3601"},"modified":"2025-12-11T18:54:12","modified_gmt":"2025-12-11T21:54:12","slug":"emiliano-astorga-es-confirmado-como-nuevo-director-tecnico-de-deportes-puerto-montt","status":"publish","type":"post","link":"https:\/\/cooperativaredloslagos.cl\/2025\/12\/11\/emiliano-astorga-es-confirmado-como-nuevo-director-tecnico-de-deportes-puerto-montt\/","title":{"rendered":"Emiliano Astorga es confirmado como nuevo director t\u00e9cnico de Deportes Puerto Montt"},"content":{"rendered":"\n<p><strong>El exentrenador de Cobreloa y Palestino asumir\u00e1 la banca del Velero en reemplazo de Jaime Vera, con el desaf\u00edo de fortalecer el proyecto deportivo y potenciar la cantera albiverde.<\/strong><\/p>\n\n\n\n<p>Soy Puerto Montt detall\u00f3 que Deportes Puerto Montt oficializ\u00f3 la llegada de Emiliano Astorga como su nuevo director t\u00e9cnico, anuncio realizado a trav\u00e9s de las redes sociales del club. El experimentado entrenador, con pasos por Cobreloa, Palestino, San Marcos de Arica y Santiago Wanderers, llega para suceder a Jaime Vera, quien logr\u00f3 el ascenso de los Delfines a la Primera B tras coronarse campe\u00f3n de la Segunda Divisi\u00f3n.<\/p>\n\n\n\n<p>Entre los hitos m\u00e1s recientes de Astorga destaca su ascenso con Cobreloa a Primera Divisi\u00f3n a finales de 2023, logro que consolid\u00f3 su reputaci\u00f3n como un t\u00e9cnico capaz de liderar procesos competitivos. Su \u00faltimo club fue Curic\u00f3 Unido, equipo al que dej\u00f3 en septiembre de 2024 luego de una derrota por 4-2 frente a San Felipe.<\/p>\n\n\n\n<p>El nuevo entrenador asume con uno de los principales desaf\u00edos del proyecto albiverde: potenciar la cantera y consolidar un plantel que permita a Puerto Montt competir con solidez en su retorno a la Primera B. La dirigencia destac\u00f3 su experiencia y conocimiento del f\u00fatbol chileno como elementos claves para esta nueva etapa.<\/p>\n\n\n\n<p>Con su arribo, Emiliano Astorga se transforma oficialmente en el sucesor de Jaime Vera, t\u00e9cnico con el que el cuadro Hijos del Temporal logr\u00f3 volver a la categor\u00eda en la que competir\u00e1 a partir de 2026, tras dos a\u00f1os en la Segunda Divisi\u00f3n.<\/p>\n","protected":false},"excerpt":{"rendered":"<p>El exentrenador de Cobreloa y Palestino asumir\u00e1 la banca del Velero en reemplazo de Jaime Vera, con el desaf\u00edo de fortalecer el proyecto deportivo y [&hellip;]<\/p>\n","protected":false},"author":1,"featured_media":3602,"comment_status":"closed","ping_status":"closed","sticky":false,"template":"","format":"standard","meta":{"_monsterinsights_skip_tracking":false,"_monsterinsights_sitenote_active":false,"_monsterinsights_sitenote_note":"","_monsterinsights_sitenote_category":0,"footnotes":""},"categories":[7,17,15],"tags":[],"class_list":["post-3601","post","type-post","status-publish","format-standard","has-post-thumbnail","hentry","category-sports","category-puerto-montt","category-regional"],"_links":{"self":[{"href":"https:\/\/cooperativaredloslagos.cl\/wp-json\/wp\/v2\/posts\/3601","targetHints":{"allow":["GET"]}}],"collection":[{"href":"https:\/\/cooperativaredloslagos.cl\/wp-json\/wp\/v2\/posts"}],"about":[{"href":"https:\/\/cooperativaredloslagos.cl\/wp-json\/wp\/v2\/types\/post"}],"author":[{"embeddable":true,"href":"https:\/\/cooperativaredloslagos.cl\/wp-json\/wp\/v2\/users\/1"}],"replies":[{"embeddable":true,"href":"https:\/\/cooperativaredloslagos.cl\/wp-json\/wp\/v2\/comments?post=3601"}],"version-history":[{"count":1,"href":"https:\/\/cooperativaredloslagos.cl\/wp-json\/wp\/v2\/posts\/3601\/revisions"}],"predecessor-version":[{"id":3603,"href":"https:\/\/cooperativaredloslagos.cl\/wp-json\/wp\/v2\/posts\/3601\/revisions\/3603"}],"wp:featuredmedia":[{"embeddable":true,"href":"https:\/\/cooperativaredloslagos.cl\/wp-json\/wp\/v2\/media\/3602"}],"wp:attachment":[{"href":"https:\/\/cooperativaredloslagos.cl\/wp-json\/wp\/v2\/media?parent=3601"}],"wp:term":[{"taxonomy":"category","embeddable":true,"href":"https:\/\/cooperativaredloslagos.cl\/wp-json\/wp\/v2\/categories?post=3601"},{"taxonomy":"post_tag","embeddable":true,"href":"https:\/\/cooperativaredloslagos.cl\/wp-json\/wp\/v2\/tags?post=3601"}],"curies":[{"name":"wp","href":"https:\/\/api.w.org\/{rel}","templated":true}]}}