{"id":3618,"date":"2025-12-12T16:28:14","date_gmt":"2025-12-12T19:28:14","guid":{"rendered":"https:\/\/cooperativaredloslagos.cl\/?p=3618"},"modified":"2025-12-12T16:28:15","modified_gmt":"2025-12-12T19:28:15","slug":"fiscalia-cierra-investigacion-contra-manuel-monsalve-por-presunta-violacion","status":"publish","type":"post","link":"https:\/\/cooperativaredloslagos.cl\/2025\/12\/12\/fiscalia-cierra-investigacion-contra-manuel-monsalve-por-presunta-violacion\/","title":{"rendered":"Fiscal\u00eda cierra investigaci\u00f3n contra Manuel Monsalve por presunta violaci\u00f3n"},"content":{"rendered":"\n<p><strong>El Ministerio P\u00fablico tiene 10 d\u00edas para presentar la acusaci\u00f3n formal, en una causa iniciada en octubre de 2024 que podr\u00eda derivar en una pena de entre cinco y quince a\u00f1os de c\u00e1rcel.<\/strong><\/p>\n\n\n\n<p>La Fiscal\u00eda Metropolitana Centro Norte anunci\u00f3 este jueves el cierre de la investigaci\u00f3n en contra del exsubsecretario del Interior, Manuel Monsalve, en el marco del caso por presunta violaci\u00f3n y abuso sexual. La decisi\u00f3n se adopt\u00f3 luego de concluir todas las diligencias investigativas encabezadas por el fiscal Xavier Armend\u00e1riz.<\/p>\n\n\n\n<p>El proceso judicial se inici\u00f3 en octubre de 2024, tras la denuncia presentada por una funcionaria del Ministerio del Interior, quien acus\u00f3 haber sido v\u00edctima de delitos sexuales cometidos por Monsalve en septiembre del mismo a\u00f1o. Durante meses, el Ministerio P\u00fablico recopil\u00f3 antecedentes y pruebas para esclarecer los hechos denunciados.<\/p>\n\n\n\n<p>Con el cierre de la investigaci\u00f3n, la Fiscal\u00eda cuenta ahora con un plazo de <strong>10 d\u00edas<\/strong> para presentar la acusaci\u00f3n formal ante el tribunal, paso previo al eventual juicio oral. Seg\u00fan consign\u00f3 Teletrece, los fiscales consideran que existen los elementos necesarios para avanzar a la siguiente etapa del proceso.<\/p>\n\n\n\n<p>En caso de ser declarado culpable, el exsubsecretario arriesga una pena que podr\u00eda oscilar <strong>entre cinco y quince a\u00f1os de c\u00e1rcel<\/strong>, dependiendo de la eventual concurrencia de atenuantes o agravantes que determine la justicia.<\/p>\n","protected":false},"excerpt":{"rendered":"<p>El Ministerio P\u00fablico tiene 10 d\u00edas para presentar la acusaci\u00f3n formal, en una causa iniciada en octubre de 2024 que podr\u00eda derivar en una pena [&hellip;]<\/p>\n","protected":false},"author":1,"featured_media":3619,"comment_status":"closed","ping_status":"closed","sticky":false,"template":"","format":"standard","meta":{"_monsterinsights_skip_tracking":false,"_monsterinsights_sitenote_active":false,"_monsterinsights_sitenote_note":"","_monsterinsights_sitenote_category":0,"footnotes":""},"categories":[41,24],"tags":[],"class_list":["post-3618","post","type-post","status-publish","format-standard","has-post-thumbnail","hentry","category-judicial","category-nacional"],"_links":{"self":[{"href":"https:\/\/cooperativaredloslagos.cl\/wp-json\/wp\/v2\/posts\/3618","targetHints":{"allow":["GET"]}}],"collection":[{"href":"https:\/\/cooperativaredloslagos.cl\/wp-json\/wp\/v2\/posts"}],"about":[{"href":"https:\/\/cooperativaredloslagos.cl\/wp-json\/wp\/v2\/types\/post"}],"author":[{"embeddable":true,"href":"https:\/\/cooperativaredloslagos.cl\/wp-json\/wp\/v2\/users\/1"}],"replies":[{"embeddable":true,"href":"https:\/\/cooperativaredloslagos.cl\/wp-json\/wp\/v2\/comments?post=3618"}],"version-history":[{"count":1,"href":"https:\/\/cooperativaredloslagos.cl\/wp-json\/wp\/v2\/posts\/3618\/revisions"}],"predecessor-version":[{"id":3620,"href":"https:\/\/cooperativaredloslagos.cl\/wp-json\/wp\/v2\/posts\/3618\/revisions\/3620"}],"wp:featuredmedia":[{"embeddable":true,"href":"https:\/\/cooperativaredloslagos.cl\/wp-json\/wp\/v2\/media\/3619"}],"wp:attachment":[{"href":"https:\/\/cooperativaredloslagos.cl\/wp-json\/wp\/v2\/media?parent=3618"}],"wp:term":[{"taxonomy":"category","embeddable":true,"href":"https:\/\/cooperativaredloslagos.cl\/wp-json\/wp\/v2\/categories?post=3618"},{"taxonomy":"post_tag","embeddable":true,"href":"https:\/\/cooperativaredloslagos.cl\/wp-json\/wp\/v2\/tags?post=3618"}],"curies":[{"name":"wp","href":"https:\/\/api.w.org\/{rel}","templated":true}]}}