{"id":3627,"date":"2025-12-14T13:52:03","date_gmt":"2025-12-14T16:52:03","guid":{"rendered":"https:\/\/cooperativaredloslagos.cl\/?p=3627"},"modified":"2025-12-14T13:52:05","modified_gmt":"2025-12-14T16:52:05","slug":"region-de-los-lagos-logra-constitucion-del-100-de-las-mesas-electorales","status":"publish","type":"post","link":"https:\/\/cooperativaredloslagos.cl\/2025\/12\/14\/region-de-los-lagos-logra-constitucion-del-100-de-las-mesas-electorales\/","title":{"rendered":"Regi\u00f3n de Los Lagos logra constituci\u00f3n del 100% de las mesas electorales"},"content":{"rendered":"\n<p>Luego de una reuni\u00f3n de monitoreo del proceso electoral, la delegada presidencial de la Regi\u00f3n de Los Lagos, <strong>Paulina Mu\u00f1oz<\/strong>, inform\u00f3 que el <strong>100% de las mesas electorales del territorio regional ya se encuentran constituidas<\/strong>, garantizando el normal desarrollo de la jornada democr\u00e1tica.<\/p>\n\n\n\n<p>La autoridad regional explic\u00f3 que durante la ma\u00f1ana se desarroll\u00f3 una <strong>mesa operativa de elecciones<\/strong>, en la que participaron distintas instituciones del Estado, las Fuerzas Armadas y las Fuerzas de Orden y Seguridad, con el objetivo de supervisar la correcta instalaci\u00f3n de las mesas y recopilar informaci\u00f3n desde las Delegaciones Presidenciales Provinciales.<\/p>\n\n\n\n<p>\u201cSiendo las 10:05 horas, podemos informar que en la Regi\u00f3n de Los Lagos se encuentra constituido el 100% de las mesas, lo que es muy relevante para el correcto desarrollo de esta jornada democr\u00e1tica\u201d, se\u00f1al\u00f3 Mu\u00f1oz.<\/p>\n\n\n\n<p>Asimismo, la delegada presidencial hizo un <strong>llamado a la ciudadan\u00eda a acudir con tranquilidad a sus locales de votaci\u00f3n<\/strong>, destacando que se encuentran resguardadas la seguridad y la transparencia del proceso electoral en todo el territorio regional.<\/p>\n\n\n\n<p>Por otra parte, la autoridad confirm\u00f3 que durante la ma\u00f1ana de este domingo <strong>una persona fue detenida en un local de votaci\u00f3n de la comuna de Osorno<\/strong>, correspondiente a un vocal de mesa que habr\u00eda llegado en estado de ebriedad, situaci\u00f3n que fue abordada conforme a los protocolos establecidos.<\/p>\n","protected":false},"excerpt":{"rendered":"<p>Luego de una reuni\u00f3n de monitoreo del proceso electoral, la delegada presidencial de la Regi\u00f3n de Los Lagos, Paulina Mu\u00f1oz, inform\u00f3 que el 100% de [&hellip;]<\/p>\n","protected":false},"author":1,"featured_media":3628,"comment_status":"closed","ping_status":"closed","sticky":false,"template":"","format":"standard","meta":{"_monsterinsights_skip_tracking":false,"_monsterinsights_sitenote_active":false,"_monsterinsights_sitenote_note":"","_monsterinsights_sitenote_category":0,"footnotes":""},"categories":[6,15],"tags":[],"class_list":["post-3627","post","type-post","status-publish","format-standard","has-post-thumbnail","hentry","category-politics","category-regional"],"_links":{"self":[{"href":"https:\/\/cooperativaredloslagos.cl\/wp-json\/wp\/v2\/posts\/3627","targetHints":{"allow":["GET"]}}],"collection":[{"href":"https:\/\/cooperativaredloslagos.cl\/wp-json\/wp\/v2\/posts"}],"about":[{"href":"https:\/\/cooperativaredloslagos.cl\/wp-json\/wp\/v2\/types\/post"}],"author":[{"embeddable":true,"href":"https:\/\/cooperativaredloslagos.cl\/wp-json\/wp\/v2\/users\/1"}],"replies":[{"embeddable":true,"href":"https:\/\/cooperativaredloslagos.cl\/wp-json\/wp\/v2\/comments?post=3627"}],"version-history":[{"count":1,"href":"https:\/\/cooperativaredloslagos.cl\/wp-json\/wp\/v2\/posts\/3627\/revisions"}],"predecessor-version":[{"id":3629,"href":"https:\/\/cooperativaredloslagos.cl\/wp-json\/wp\/v2\/posts\/3627\/revisions\/3629"}],"wp:featuredmedia":[{"embeddable":true,"href":"https:\/\/cooperativaredloslagos.cl\/wp-json\/wp\/v2\/media\/3628"}],"wp:attachment":[{"href":"https:\/\/cooperativaredloslagos.cl\/wp-json\/wp\/v2\/media?parent=3627"}],"wp:term":[{"taxonomy":"category","embeddable":true,"href":"https:\/\/cooperativaredloslagos.cl\/wp-json\/wp\/v2\/categories?post=3627"},{"taxonomy":"post_tag","embeddable":true,"href":"https:\/\/cooperativaredloslagos.cl\/wp-json\/wp\/v2\/tags?post=3627"}],"curies":[{"name":"wp","href":"https:\/\/api.w.org\/{rel}","templated":true}]}}