{"id":3642,"date":"2025-12-15T17:12:42","date_gmt":"2025-12-15T20:12:42","guid":{"rendered":"https:\/\/cooperativaredloslagos.cl\/?p=3642"},"modified":"2025-12-15T17:12:43","modified_gmt":"2025-12-15T20:12:43","slug":"autoridades-dirigentes-y-locatarios-inauguran-nueva-calle-varas-en-puerto-montt","status":"publish","type":"post","link":"https:\/\/cooperativaredloslagos.cl\/2025\/12\/15\/autoridades-dirigentes-y-locatarios-inauguran-nueva-calle-varas-en-puerto-montt\/","title":{"rendered":"Autoridades, dirigentes y locatarios inauguran nueva calle Varas en Puerto Montt"},"content":{"rendered":"\n<p>Tras casi cinco a\u00f1os de trabajos, la reapertura de la hist\u00f3rica arteria pone el foco en la reactivaci\u00f3n del comercio, la seguridad y la integraci\u00f3n con otros espacios p\u00fablicos del centro de la ciudad.<\/p>\n\n\n\n<p>Con la presencia de autoridades regionales, comunales, locatarios y vecinos, este lunes se realiz\u00f3 la ceremonia oficial de inauguraci\u00f3n de la renovada calle Antonio Varas, que volvi\u00f3 a abrirse al p\u00fablico el pasado 18 de noviembre luego de 1.777 d\u00edas cerrada al tr\u00e1nsito. El acto fue encabezado por el alcalde de Puerto Montt, Rodrigo Wainraihgt, junto al gobernador regional Alejandro Santana, parlamentarios, concejales y consejeros regionales.<\/p>\n\n\n\n<p>El jefe comunal destac\u00f3 el esfuerzo de la actual administraci\u00f3n para concretar la apertura, valorando el respaldo del Gobierno Regional y el compromiso de la constructora Hurtado, que asumi\u00f3 las obras tras la quiebra de la empresa original. \u201cHoy es un d\u00eda de alegr\u00eda para la ciudadan\u00eda y para los comerciantes de esta arteria que forma parte de la identidad de Puerto Montt. Ahora viene una segunda etapa: reencantar a los vecinos, unir Varas con la Costanera, el MuPA y el Terminal de Buses, con m\u00e1s seguridad y reactivaci\u00f3n\u201d, se\u00f1al\u00f3.<\/p>\n\n\n\n<p>Por su parte, el gobernador Alejandro Santana subray\u00f3 que la obra permite recuperar un espacio clave para el comercio y la vida urbana, aunque recalc\u00f3 que las demoras dejan lecciones. \u201cEste proyecto deb\u00eda ejecutarse en dos a\u00f1os y tom\u00f3 casi cinco. Las pol\u00edticas p\u00fablicas deben hacerse bien, porque cuando se hacen mal, afectan directamente a la comunidad\u201d, afirm\u00f3.<\/p>\n\n\n\n<p>Desde el comercio local, la presidenta de la Organizaci\u00f3n de Comerciantes Establecidos de Calle Varas, Viviana Barrientos, valor\u00f3 el inicio de una nueva etapa tras a\u00f1os complejos. \u201cMuchos comerciantes hist\u00f3ricos tuvieron que cerrar, pero hoy se abre un desaf\u00edo muy bonito: recuperar la historia de este barrio e integrarlo a los circuitos tur\u00edsticos y culturales de la ciudad\u201d, sostuvo.<\/p>\n","protected":false},"excerpt":{"rendered":"<p>Tras casi cinco a\u00f1os de trabajos, la reapertura de la hist\u00f3rica arteria pone el foco en la reactivaci\u00f3n del comercio, la seguridad y la integraci\u00f3n [&hellip;]<\/p>\n","protected":false},"author":1,"featured_media":3643,"comment_status":"closed","ping_status":"closed","sticky":false,"template":"","format":"standard","meta":{"_monsterinsights_skip_tracking":false,"_monsterinsights_sitenote_active":false,"_monsterinsights_sitenote_note":"","_monsterinsights_sitenote_category":0,"footnotes":""},"categories":[17,15],"tags":[],"class_list":["post-3642","post","type-post","status-publish","format-standard","has-post-thumbnail","hentry","category-puerto-montt","category-regional"],"_links":{"self":[{"href":"https:\/\/cooperativaredloslagos.cl\/wp-json\/wp\/v2\/posts\/3642","targetHints":{"allow":["GET"]}}],"collection":[{"href":"https:\/\/cooperativaredloslagos.cl\/wp-json\/wp\/v2\/posts"}],"about":[{"href":"https:\/\/cooperativaredloslagos.cl\/wp-json\/wp\/v2\/types\/post"}],"author":[{"embeddable":true,"href":"https:\/\/cooperativaredloslagos.cl\/wp-json\/wp\/v2\/users\/1"}],"replies":[{"embeddable":true,"href":"https:\/\/cooperativaredloslagos.cl\/wp-json\/wp\/v2\/comments?post=3642"}],"version-history":[{"count":1,"href":"https:\/\/cooperativaredloslagos.cl\/wp-json\/wp\/v2\/posts\/3642\/revisions"}],"predecessor-version":[{"id":3644,"href":"https:\/\/cooperativaredloslagos.cl\/wp-json\/wp\/v2\/posts\/3642\/revisions\/3644"}],"wp:featuredmedia":[{"embeddable":true,"href":"https:\/\/cooperativaredloslagos.cl\/wp-json\/wp\/v2\/media\/3643"}],"wp:attachment":[{"href":"https:\/\/cooperativaredloslagos.cl\/wp-json\/wp\/v2\/media?parent=3642"}],"wp:term":[{"taxonomy":"category","embeddable":true,"href":"https:\/\/cooperativaredloslagos.cl\/wp-json\/wp\/v2\/categories?post=3642"},{"taxonomy":"post_tag","embeddable":true,"href":"https:\/\/cooperativaredloslagos.cl\/wp-json\/wp\/v2\/tags?post=3642"}],"curies":[{"name":"wp","href":"https:\/\/api.w.org\/{rel}","templated":true}]}}