{"id":3682,"date":"2025-12-18T11:17:15","date_gmt":"2025-12-18T14:17:15","guid":{"rendered":"https:\/\/cooperativaredloslagos.cl\/?p=3682"},"modified":"2025-12-18T11:17:17","modified_gmt":"2025-12-18T14:17:17","slug":"mundo-maduro-desafia-anuncio-de-trump-y-asegura-que-venezuela-seguira-comerciando-su-petroleo","status":"publish","type":"post","link":"https:\/\/cooperativaredloslagos.cl\/2025\/12\/18\/mundo-maduro-desafia-anuncio-de-trump-y-asegura-que-venezuela-seguira-comerciando-su-petroleo\/","title":{"rendered":"Mundo: Maduro desaf\u00eda anuncio de Trump y asegura que Venezuela seguir\u00e1 comerciando su petr\u00f3leo"},"content":{"rendered":"\n<p><strong>El mandatario venezolano calific\u00f3 como \u201cilegal\u201d y de car\u00e1cter \u201cguerrerista\u201d la advertencia del presidente de Estados Unidos sobre un bloqueo total a petroleros vinculados al pa\u00eds caribe\u00f1o.<\/strong><\/p>\n\n\n\n<p>El presidente de Venezuela, Nicol\u00e1s Maduro, afirm\u00f3 este mi\u00e9rcoles que su pa\u00eds continuar\u00e1 comerciando petr\u00f3leo y otras riquezas naturales \u201cpara all\u00e1 y para ac\u00e1\u201d, luego de que el mandatario estadounidense, Donald Trump, anunciara un eventual \u201cbloqueo total y completo de todos los petroleros sancionados que entren y salgan\u201d de la naci\u00f3n sudamericana.<\/p>\n\n\n\n<p>En una actividad con integrantes de la Sociedad Bolivariana, transmitida por el canal estatal Venezolana de Televisi\u00f3n, Maduro sostuvo que impedir el libre comercio mar\u00edtimo \u201ces ilegal\u201d y reiter\u00f3 que Venezuela seguir\u00e1 desarrollando su actividad econ\u00f3mica pese a las presiones externas. En ese marco, asegur\u00f3 que las riquezas naturales del pa\u00eds pertenecen exclusivamente a su pueblo.<\/p>\n\n\n\n<p>El jefe de Estado venezolano calific\u00f3 las declaraciones de Trump como una \u201cpretensi\u00f3n guerrerista y colonialista\u201d, luego de que el presidente estadounidense afirmara que espera que Caracas devuelva \u201cel petr\u00f3leo, las tierras y otros activos\u201d que, seg\u00fan \u00e9l, fueron arrebatados a empresas de su pa\u00eds. Maduro acus\u00f3 que detr\u00e1s de estas acciones existe un intento de imponer un \u201cgobierno t\u00edtere\u201d en Venezuela.<\/p>\n\n\n\n<p>Asimismo, el mandatario asegur\u00f3 que su gobierno se opone a cualquier escenario b\u00e9lico, pese a las tensiones con Estados Unidos y el despliegue militar norteamericano en el mar Caribe. \u201c\u00bfGuerra? Hemos dicho que no\u201d, se\u00f1al\u00f3, afirmando que Venezuela mantiene un alto nivel de uni\u00f3n nacional para defender su soberan\u00eda.<\/p>\n\n\n\n<p>Finalmente, Maduro llam\u00f3 a las Fuerzas Armadas de Colombia a mantener una \u201cuni\u00f3n perfecta\u201d con Venezuela frente a lo que calific\u00f3 como amenazas externas, en un contexto marcado por los recientes operativos del Comando Sur de Estados Unidos y la incautaci\u00f3n de un petrolero con crudo venezolano en aguas cercanas a la regi\u00f3n.<\/p>\n","protected":false},"excerpt":{"rendered":"<p>El mandatario venezolano calific\u00f3 como \u201cilegal\u201d y de car\u00e1cter \u201cguerrerista\u201d la advertencia del presidente de Estados Unidos sobre un bloqueo total a petroleros vinculados al [&hellip;]<\/p>\n","protected":false},"author":1,"featured_media":3683,"comment_status":"closed","ping_status":"closed","sticky":false,"template":"","format":"standard","meta":{"_monsterinsights_skip_tracking":false,"_monsterinsights_sitenote_active":false,"_monsterinsights_sitenote_note":"","_monsterinsights_sitenote_category":0,"footnotes":""},"categories":[39,6],"tags":[],"class_list":["post-3682","post","type-post","status-publish","format-standard","has-post-thumbnail","hentry","category-mundo","category-politics"],"_links":{"self":[{"href":"https:\/\/cooperativaredloslagos.cl\/wp-json\/wp\/v2\/posts\/3682","targetHints":{"allow":["GET"]}}],"collection":[{"href":"https:\/\/cooperativaredloslagos.cl\/wp-json\/wp\/v2\/posts"}],"about":[{"href":"https:\/\/cooperativaredloslagos.cl\/wp-json\/wp\/v2\/types\/post"}],"author":[{"embeddable":true,"href":"https:\/\/cooperativaredloslagos.cl\/wp-json\/wp\/v2\/users\/1"}],"replies":[{"embeddable":true,"href":"https:\/\/cooperativaredloslagos.cl\/wp-json\/wp\/v2\/comments?post=3682"}],"version-history":[{"count":1,"href":"https:\/\/cooperativaredloslagos.cl\/wp-json\/wp\/v2\/posts\/3682\/revisions"}],"predecessor-version":[{"id":3684,"href":"https:\/\/cooperativaredloslagos.cl\/wp-json\/wp\/v2\/posts\/3682\/revisions\/3684"}],"wp:featuredmedia":[{"embeddable":true,"href":"https:\/\/cooperativaredloslagos.cl\/wp-json\/wp\/v2\/media\/3683"}],"wp:attachment":[{"href":"https:\/\/cooperativaredloslagos.cl\/wp-json\/wp\/v2\/media?parent=3682"}],"wp:term":[{"taxonomy":"category","embeddable":true,"href":"https:\/\/cooperativaredloslagos.cl\/wp-json\/wp\/v2\/categories?post=3682"},{"taxonomy":"post_tag","embeddable":true,"href":"https:\/\/cooperativaredloslagos.cl\/wp-json\/wp\/v2\/tags?post=3682"}],"curies":[{"name":"wp","href":"https:\/\/api.w.org\/{rel}","templated":true}]}}