{"id":3710,"date":"2025-12-22T09:00:35","date_gmt":"2025-12-22T12:00:35","guid":{"rendered":"https:\/\/cooperativaredloslagos.cl\/?p=3710"},"modified":"2025-12-22T09:00:37","modified_gmt":"2025-12-22T12:00:37","slug":"investigan-posible-homicidio-tras-hallazgo-de-un-cuerpo-en-via-publica-de-puerto-varas","status":"publish","type":"post","link":"https:\/\/cooperativaredloslagos.cl\/2025\/12\/22\/investigan-posible-homicidio-tras-hallazgo-de-un-cuerpo-en-via-publica-de-puerto-varas\/","title":{"rendered":"Investigan posible homicidio tras hallazgo de un cuerpo en v\u00eda p\u00fablica de Puerto Varas"},"content":{"rendered":"\n<p><strong>La v\u00edctima fue identificada como Valent\u00edn Contador Valenzuela, chileno de 28 a\u00f1os y oriundo de La Serena. La PDI realiza diligencias para esclarecer las circunstancias de su muerte.<\/strong><\/p>\n\n\n\n<p>El cuerpo de una persona fue hallado durante las \u00faltimas horas en plena v\u00eda p\u00fablica de la comuna de Puerto Varas, hecho que es investigado como un posible homicidio. La v\u00edctima fue identificada como Valent\u00edn Contador Valenzuela, de 28 a\u00f1os, chileno y oriundo de la ciudad de La Serena.<\/p>\n\n\n\n<p>El subprefecto Carlos Correa, de la Polic\u00eda de Investigaciones, inform\u00f3 que detectives de la Brigada de Homicidios de Puerto Montt, junto a peritos del Laboratorio de Criminal\u00edstica y el Ministerio P\u00fablico, se encuentran desarrollando diversas diligencias para esclarecer lo ocurrido.<\/p>\n\n\n\n<p>De acuerdo con los antecedentes preliminares, el hombre habr\u00eda sido agredido por desconocidos durante la madrugada en calle Manzanal, entre Tronador y pasaje Manuel Toledo, sufriendo diversas lesiones que le provocaron la muerte en el lugar.<\/p>\n\n\n\n<p>Radio B\u00edo B\u00edo Puerto Montt logr\u00f3 conversar con un compa\u00f1ero de trabajo del fallecido, quien se\u00f1al\u00f3 que ambos se desempe\u00f1aban desde hace cerca de cuatro meses como ayudantes en la construcci\u00f3n de un edificio en la costanera de la ciudad. \u201cEra una persona muy humilde, emp\u00e1tica, extremadamente buena. Un colega con mucho por delante. Es un dolor muy grande\u201d, expres\u00f3.<\/p>\n","protected":false},"excerpt":{"rendered":"<p>La v\u00edctima fue identificada como Valent\u00edn Contador Valenzuela, chileno de 28 a\u00f1os y oriundo de La Serena. La PDI realiza diligencias para esclarecer las circunstancias [&hellip;]<\/p>\n","protected":false},"author":1,"featured_media":2915,"comment_status":"closed","ping_status":"closed","sticky":false,"template":"","format":"standard","meta":{"_monsterinsights_skip_tracking":false,"_monsterinsights_sitenote_active":false,"_monsterinsights_sitenote_note":"","_monsterinsights_sitenote_category":0,"footnotes":""},"categories":[28,30,15],"tags":[],"class_list":["post-3710","post","type-post","status-publish","format-standard","has-post-thumbnail","hentry","category-policial","category-puerto-varas","category-regional"],"_links":{"self":[{"href":"https:\/\/cooperativaredloslagos.cl\/wp-json\/wp\/v2\/posts\/3710","targetHints":{"allow":["GET"]}}],"collection":[{"href":"https:\/\/cooperativaredloslagos.cl\/wp-json\/wp\/v2\/posts"}],"about":[{"href":"https:\/\/cooperativaredloslagos.cl\/wp-json\/wp\/v2\/types\/post"}],"author":[{"embeddable":true,"href":"https:\/\/cooperativaredloslagos.cl\/wp-json\/wp\/v2\/users\/1"}],"replies":[{"embeddable":true,"href":"https:\/\/cooperativaredloslagos.cl\/wp-json\/wp\/v2\/comments?post=3710"}],"version-history":[{"count":1,"href":"https:\/\/cooperativaredloslagos.cl\/wp-json\/wp\/v2\/posts\/3710\/revisions"}],"predecessor-version":[{"id":3711,"href":"https:\/\/cooperativaredloslagos.cl\/wp-json\/wp\/v2\/posts\/3710\/revisions\/3711"}],"wp:featuredmedia":[{"embeddable":true,"href":"https:\/\/cooperativaredloslagos.cl\/wp-json\/wp\/v2\/media\/2915"}],"wp:attachment":[{"href":"https:\/\/cooperativaredloslagos.cl\/wp-json\/wp\/v2\/media?parent=3710"}],"wp:term":[{"taxonomy":"category","embeddable":true,"href":"https:\/\/cooperativaredloslagos.cl\/wp-json\/wp\/v2\/categories?post=3710"},{"taxonomy":"post_tag","embeddable":true,"href":"https:\/\/cooperativaredloslagos.cl\/wp-json\/wp\/v2\/tags?post=3710"}],"curies":[{"name":"wp","href":"https:\/\/api.w.org\/{rel}","templated":true}]}}