{"id":3721,"date":"2025-12-22T17:04:47","date_gmt":"2025-12-22T20:04:47","guid":{"rendered":"https:\/\/cooperativaredloslagos.cl\/?p=3721"},"modified":"2025-12-22T17:04:48","modified_gmt":"2025-12-22T20:04:48","slug":"club-vicente-perez-rosales-hara-historia-y-jugara-en-tercera-b-en-2026","status":"publish","type":"post","link":"https:\/\/cooperativaredloslagos.cl\/2025\/12\/22\/club-vicente-perez-rosales-hara-historia-y-jugara-en-tercera-b-en-2026\/","title":{"rendered":"Club vicente p\u00e9rez rosales har\u00e1 historia y jugar\u00e1 en tercera b en 2026"},"content":{"rendered":"\n<p><strong>La ANFA acept\u00f3 la postulaci\u00f3n del elenco puertomontino, que se convertir\u00e1 en el club m\u00e1s austral del mundo en disputar la quinta divisi\u00f3n del f\u00fatbol chileno.<\/strong><\/p>\n\n\n\n<p>En un hecho hist\u00f3rico para sus 80 a\u00f1os de vida, el <strong>Club Vicente P\u00e9rez Rosales<\/strong> de Puerto Montt fue aceptado por la <strong>Asociaci\u00f3n Nacional de F\u00fatbol Amateur<\/strong> para competir en el campeonato de Tercera B, correspondiente a la quinta divisi\u00f3n del f\u00fatbol chileno. La noticia fue destacada por el presidente del club, <strong>Samuel Teuber<\/strong>, quien subray\u00f3 que se trata tambi\u00e9n de un hito para la capital regional, al convertirse en el club m\u00e1s austral del mundo en participar en esta categor\u00eda.<\/p>\n\n\n\n<p>Teuber explic\u00f3 que, a diferencia de Deportes Puerto Montt \u2014que al ser fundado ingres\u00f3 directamente a la Segunda Divisi\u00f3n\u2014, Vicente P\u00e9rez Rosales inicia su camino desde el f\u00fatbol amateur hacia el profesionalismo. En cuanto a la local\u00eda, el club inscribi\u00f3 tres recintos: el Estadio Bicentenario de Chinquihue, condicionado al estado de la carpeta, adem\u00e1s del Estadio Viejos Cracks y Estero Lobos 2. Tras la aceptaci\u00f3n, el foco estar\u00e1 puesto en la contrataci\u00f3n del cuerpo t\u00e9cnico y el armado del plantel para afrontar la temporada 2026.<\/p>\n\n\n\n<p>Seg\u00fan detallo Soy Puerto Montt, el alcalde de Puerto Montt, <strong>Rodrigo Wainraihgt<\/strong>, valor\u00f3 la incorporaci\u00f3n del club a la Tercera B, se\u00f1alando que refuerza el objetivo de posicionar a la ciudad como capital del deporte. En esa l\u00ednea, record\u00f3 los recientes logros deportivos locales, como el ascenso del b\u00e1squetbol puertomontino a la Liga Nacional y el retorno de Deportes Puerto Montt a la Primera B, destacando adem\u00e1s el trabajo colaborativo entre el municipio y la instituci\u00f3n, que cuenta con comodato para sus instalaciones.<\/p>\n\n\n\n<p>Desde el club enfatizaron que, pese a este nuevo desaf\u00edo, Vicente P\u00e9rez Rosales continuar\u00e1 participando en el torneo amateur local, con el objetivo de formar j\u00f3venes talentos y proyectarlos hacia el profesionalismo. Samuel Teuber indic\u00f3 que el proyecto apunta a consolidar una base formativa que permita competir por el ascenso a Tercera A en el corto plazo, mientras que jugadores del plantel, como Marcelo Teuber, coincidieron en que el desaf\u00edo es transformar este logro hist\u00f3rico en un proceso deportivo serio y sostenible.<\/p>\n","protected":false},"excerpt":{"rendered":"<p>La ANFA acept\u00f3 la postulaci\u00f3n del elenco puertomontino, que se convertir\u00e1 en el club m\u00e1s austral del mundo en disputar la quinta divisi\u00f3n del f\u00fatbol [&hellip;]<\/p>\n","protected":false},"author":1,"featured_media":3722,"comment_status":"closed","ping_status":"closed","sticky":false,"template":"","format":"standard","meta":{"_monsterinsights_skip_tracking":false,"_monsterinsights_sitenote_active":false,"_monsterinsights_sitenote_note":"","_monsterinsights_sitenote_category":0,"footnotes":""},"categories":[7,17],"tags":[],"class_list":["post-3721","post","type-post","status-publish","format-standard","has-post-thumbnail","hentry","category-sports","category-puerto-montt"],"_links":{"self":[{"href":"https:\/\/cooperativaredloslagos.cl\/wp-json\/wp\/v2\/posts\/3721","targetHints":{"allow":["GET"]}}],"collection":[{"href":"https:\/\/cooperativaredloslagos.cl\/wp-json\/wp\/v2\/posts"}],"about":[{"href":"https:\/\/cooperativaredloslagos.cl\/wp-json\/wp\/v2\/types\/post"}],"author":[{"embeddable":true,"href":"https:\/\/cooperativaredloslagos.cl\/wp-json\/wp\/v2\/users\/1"}],"replies":[{"embeddable":true,"href":"https:\/\/cooperativaredloslagos.cl\/wp-json\/wp\/v2\/comments?post=3721"}],"version-history":[{"count":1,"href":"https:\/\/cooperativaredloslagos.cl\/wp-json\/wp\/v2\/posts\/3721\/revisions"}],"predecessor-version":[{"id":3723,"href":"https:\/\/cooperativaredloslagos.cl\/wp-json\/wp\/v2\/posts\/3721\/revisions\/3723"}],"wp:featuredmedia":[{"embeddable":true,"href":"https:\/\/cooperativaredloslagos.cl\/wp-json\/wp\/v2\/media\/3722"}],"wp:attachment":[{"href":"https:\/\/cooperativaredloslagos.cl\/wp-json\/wp\/v2\/media?parent=3721"}],"wp:term":[{"taxonomy":"category","embeddable":true,"href":"https:\/\/cooperativaredloslagos.cl\/wp-json\/wp\/v2\/categories?post=3721"},{"taxonomy":"post_tag","embeddable":true,"href":"https:\/\/cooperativaredloslagos.cl\/wp-json\/wp\/v2\/tags?post=3721"}],"curies":[{"name":"wp","href":"https:\/\/api.w.org\/{rel}","templated":true}]}}