{"id":3735,"date":"2025-12-23T11:52:21","date_gmt":"2025-12-23T14:52:21","guid":{"rendered":"https:\/\/cooperativaredloslagos.cl\/?p=3735"},"modified":"2025-12-23T11:52:52","modified_gmt":"2025-12-23T14:52:52","slug":"incendio-estructural-afecta-a-tres-viviendas-en-poblacion-los-volcanes-de-llanquihue","status":"publish","type":"post","link":"https:\/\/cooperativaredloslagos.cl\/2025\/12\/23\/incendio-estructural-afecta-a-tres-viviendas-en-poblacion-los-volcanes-de-llanquihue\/","title":{"rendered":"Incendio estructural afect\u00f3 tres viviendas en poblaci\u00f3n Los Volcanes de Llanquihue"},"content":{"rendered":"\n<p><strong>La emergencia se registr\u00f3 la tarde del lunes y oblig\u00f3 a activar la alarma de incendio. Bomberos logr\u00f3 evitar una mayor propagaci\u00f3n y no se reportaron personas lesionadas.<\/strong><\/p>\n\n\n\n<p>Una densa columna de humo y el r\u00e1pido avance de las llamas marcaron la tarde del lunes en la comuna de Llanquihue, luego de que un incendio estructural afectara al menos a tres viviendas en la poblaci\u00f3n Los Volcanes, generando momentos de alta tensi\u00f3n entre los vecinos del sector.<\/p>\n\n\n\n<p>La emergencia se desat\u00f3 cerca de las 15:27 horas en la intersecci\u00f3n de las calles Los Arrayanes y Ram\u00f3n Carnicer, donde el fuego se inici\u00f3 en una vivienda y r\u00e1pidamente amenaz\u00f3 con propagarse a los inmuebles colindantes. Hasta el lugar concurrieron voluntarios de la Tercera y Cuarta Compa\u00f1\u00edas de Bomberos de Llanquihue, quienes al constatar la magnitud del siniestro solicitaron la activaci\u00f3n de la alarma de incendio.<\/p>\n\n\n\n<p>Pese a los esfuerzos iniciales, las llamas alcanzaron una segunda vivienda y posteriormente una tercera, obligando a redoblar las labores de contenci\u00f3n para evitar consecuencias mayores, considerando la cercan\u00eda entre las casas del sector.<\/p>\n\n\n\n<p>Gracias al trabajo coordinado de Bomberos, la emergencia pudo ser controlada, evitando que el fuego se extendiera a m\u00e1s inmuebles. No se reportaron personas lesionadas, aunque s\u00ed importantes da\u00f1os materiales y varias familias resultaron damnificadas.<\/p>\n\n\n\n<p>Las causas del incendio deber\u00e1n ser investigadas por personal especializado, mientras la comunidad afectada eval\u00faa las p\u00e9rdidas provocadas por el siniestro.<\/p>\n","protected":false},"excerpt":{"rendered":"<p>La emergencia se registr\u00f3 la tarde del lunes y oblig\u00f3 a activar la alarma de incendio. Bomberos logr\u00f3 evitar una mayor propagaci\u00f3n y no se [&hellip;]<\/p>\n","protected":false},"author":1,"featured_media":3736,"comment_status":"closed","ping_status":"closed","sticky":false,"template":"","format":"standard","meta":{"_monsterinsights_skip_tracking":false,"_monsterinsights_sitenote_active":false,"_monsterinsights_sitenote_note":"","_monsterinsights_sitenote_category":0,"footnotes":""},"categories":[36,28],"tags":[],"class_list":["post-3735","post","type-post","status-publish","format-standard","has-post-thumbnail","hentry","category-llanquihue","category-policial"],"_links":{"self":[{"href":"https:\/\/cooperativaredloslagos.cl\/wp-json\/wp\/v2\/posts\/3735","targetHints":{"allow":["GET"]}}],"collection":[{"href":"https:\/\/cooperativaredloslagos.cl\/wp-json\/wp\/v2\/posts"}],"about":[{"href":"https:\/\/cooperativaredloslagos.cl\/wp-json\/wp\/v2\/types\/post"}],"author":[{"embeddable":true,"href":"https:\/\/cooperativaredloslagos.cl\/wp-json\/wp\/v2\/users\/1"}],"replies":[{"embeddable":true,"href":"https:\/\/cooperativaredloslagos.cl\/wp-json\/wp\/v2\/comments?post=3735"}],"version-history":[{"count":2,"href":"https:\/\/cooperativaredloslagos.cl\/wp-json\/wp\/v2\/posts\/3735\/revisions"}],"predecessor-version":[{"id":3738,"href":"https:\/\/cooperativaredloslagos.cl\/wp-json\/wp\/v2\/posts\/3735\/revisions\/3738"}],"wp:featuredmedia":[{"embeddable":true,"href":"https:\/\/cooperativaredloslagos.cl\/wp-json\/wp\/v2\/media\/3736"}],"wp:attachment":[{"href":"https:\/\/cooperativaredloslagos.cl\/wp-json\/wp\/v2\/media?parent=3735"}],"wp:term":[{"taxonomy":"category","embeddable":true,"href":"https:\/\/cooperativaredloslagos.cl\/wp-json\/wp\/v2\/categories?post=3735"},{"taxonomy":"post_tag","embeddable":true,"href":"https:\/\/cooperativaredloslagos.cl\/wp-json\/wp\/v2\/tags?post=3735"}],"curies":[{"name":"wp","href":"https:\/\/api.w.org\/{rel}","templated":true}]}}