{"id":3792,"date":"2025-12-29T12:40:58","date_gmt":"2025-12-29T15:40:58","guid":{"rendered":"https:\/\/cooperativaredloslagos.cl\/?p=3792"},"modified":"2025-12-29T12:43:29","modified_gmt":"2025-12-29T15:43:29","slug":"no-existe-falta-de-ejecucion-wainraihgt-contradice-version-de-la-seremi","status":"publish","type":"post","link":"https:\/\/cooperativaredloslagos.cl\/2025\/12\/29\/no-existe-falta-de-ejecucion-wainraihgt-contradice-version-de-la-seremi\/","title":{"rendered":"\u201cNo existe falta de ejecuci\u00f3n\u201d: Wainraihgt contradice versi\u00f3n de la seremi"},"content":{"rendered":"\n<p><em>El Jefe comunal asegur\u00f3 que la devoluci\u00f3n de recursos corresponde a remanentes de licitaciones y no a incumplimientos, en medio de un cruce de declaraciones tras un homicidio en Barrio Puerto.<\/em><\/p>\n\n\n\n<p>El alcalde de Puerto Montt, Rodrigo Wainraihgt, respondi\u00f3 al emplazamiento de la seremi de Seguridad P\u00fablica, Patricia Rada, quien atribuy\u00f3 a una supuesta falta de ejecuci\u00f3n la devoluci\u00f3n de recursos municipales a la Subsecretar\u00eda de Prevenci\u00f3n del Delito. El cruce se produjo tras el homicidio registrado el fin de semana en el sector Barrio Puerto, caso que mantiene a un imputado detenido por el OS-9 de Carabineros.<\/p>\n\n\n\n<p>El jefe comunal rechaz\u00f3 categ\u00f3ricamente la acusaci\u00f3n y sostuvo que los dichos de la autoridad regional \u201crevelan desconocimiento de aspectos administrativos y de la realidad delictual de la ciudad\u201d. Afirm\u00f3 que no existen proyectos de c\u00e1maras o luminarias sin ejecuci\u00f3n y precis\u00f3 que dos iniciativas de televigilancia \u2014una de 89 c\u00e1maras y otra de una c\u00e1mara\u2014 se encuentran en plena ejecuci\u00f3n y pr\u00f3ximas a finalizar, al igual que un proyecto anunciado en octubre por la Subsecretar\u00eda.<\/p>\n\n\n\n<p>Respecto de los fondos reintegrados, Wainraihgt explic\u00f3 que corresponden a remanentes de licitaciones del programa \u201cCalles sin Violencia\u201d, tras la adjudicaci\u00f3n de ofertas por montos inferiores a los presupuestos. A\u00f1adi\u00f3 que dichos proyectos permitieron instalar m\u00e1s de 300 luminarias en sectores como Bernardo O\u2019Higgins, Centro, Pericentro y Hospital, descartando cualquier incumplimiento por parte del municipio.<\/p>\n\n\n\n<p>La controversia gener\u00f3 reacciones en el Concejo Municipal. El presidente de la Comisi\u00f3n de Seguridad, Sebasti\u00e1n Almonacid, se\u00f1al\u00f3 no contar con informaci\u00f3n oficial sobre lo planteado por la seremi y advirti\u00f3 que, de confirmarse una devoluci\u00f3n por negligencia administrativa, se tratar\u00eda de un hecho de m\u00e1xima gravedad, anunciando oficios de fiscalizaci\u00f3n para esclarecer responsabilidades.<\/p>\n\n\n\n<p><\/p>\n","protected":false},"excerpt":{"rendered":"<p>El Jefe comunal asegur\u00f3 que la devoluci\u00f3n de recursos corresponde a remanentes de licitaciones y no a incumplimientos, en medio de un cruce de declaraciones [&hellip;]<\/p>\n","protected":false},"author":1,"featured_media":3793,"comment_status":"closed","ping_status":"closed","sticky":false,"template":"","format":"standard","meta":{"_monsterinsights_skip_tracking":false,"_monsterinsights_sitenote_active":false,"_monsterinsights_sitenote_note":"","_monsterinsights_sitenote_category":0,"footnotes":""},"categories":[6,17,15],"tags":[],"class_list":["post-3792","post","type-post","status-publish","format-standard","has-post-thumbnail","hentry","category-politics","category-puerto-montt","category-regional"],"_links":{"self":[{"href":"https:\/\/cooperativaredloslagos.cl\/wp-json\/wp\/v2\/posts\/3792","targetHints":{"allow":["GET"]}}],"collection":[{"href":"https:\/\/cooperativaredloslagos.cl\/wp-json\/wp\/v2\/posts"}],"about":[{"href":"https:\/\/cooperativaredloslagos.cl\/wp-json\/wp\/v2\/types\/post"}],"author":[{"embeddable":true,"href":"https:\/\/cooperativaredloslagos.cl\/wp-json\/wp\/v2\/users\/1"}],"replies":[{"embeddable":true,"href":"https:\/\/cooperativaredloslagos.cl\/wp-json\/wp\/v2\/comments?post=3792"}],"version-history":[{"count":2,"href":"https:\/\/cooperativaredloslagos.cl\/wp-json\/wp\/v2\/posts\/3792\/revisions"}],"predecessor-version":[{"id":3795,"href":"https:\/\/cooperativaredloslagos.cl\/wp-json\/wp\/v2\/posts\/3792\/revisions\/3795"}],"wp:featuredmedia":[{"embeddable":true,"href":"https:\/\/cooperativaredloslagos.cl\/wp-json\/wp\/v2\/media\/3793"}],"wp:attachment":[{"href":"https:\/\/cooperativaredloslagos.cl\/wp-json\/wp\/v2\/media?parent=3792"}],"wp:term":[{"taxonomy":"category","embeddable":true,"href":"https:\/\/cooperativaredloslagos.cl\/wp-json\/wp\/v2\/categories?post=3792"},{"taxonomy":"post_tag","embeddable":true,"href":"https:\/\/cooperativaredloslagos.cl\/wp-json\/wp\/v2\/tags?post=3792"}],"curies":[{"name":"wp","href":"https:\/\/api.w.org\/{rel}","templated":true}]}}