{"id":3828,"date":"2026-01-02T11:43:51","date_gmt":"2026-01-02T14:43:51","guid":{"rendered":"https:\/\/cooperativaredloslagos.cl\/?p=3828"},"modified":"2026-01-02T11:47:26","modified_gmt":"2026-01-02T14:47:26","slug":"roban-mas-de-20-instrumentos-musicales-desde-la-escuela-kimun-lawal-de-alerce","status":"publish","type":"post","link":"https:\/\/cooperativaredloslagos.cl\/2026\/01\/02\/roban-mas-de-20-instrumentos-musicales-desde-la-escuela-kimun-lawal-de-alerce\/","title":{"rendered":"Roban m\u00e1s de 20 instrumentos musicales desde la Escuela Kim\u00fcn Lawal de Alerce"},"content":{"rendered":"\n<p><strong>El hecho ocurri\u00f3 durante la madrugada del jueves 1 de enero y las personas presuntamente involucradas se encontrar\u00edan detenidas.<\/strong><\/p>\n\n\n\n<p>Un robo afect\u00f3 durante la madrugada del jueves 1 de enero a la Escuela Kim\u00fcn Lawal del sector Alerce, en Puerto Montt, dejando como saldo la sustracci\u00f3n de m\u00e1s de 20 instrumentos musicales desde el interior del establecimiento educacional.<\/p>\n\n\n\n<p>El il\u00edcito se registr\u00f3 cerca de las 02:00 horas, momento en que desconocidos ingresaron al recinto y sustrajeron los instrumentos utilizados por la comunidad escolar en actividades art\u00edsticas y formativas. Tras detectar el hecho, funcionarios del establecimiento dieron aviso inmediato a las autoridades, activ\u00e1ndose los protocolos correspondientes.<\/p>\n\n\n\n<p>Seg\u00fan inform\u00f3 el delegado territorial de Alerce, Cristian Pino, las personas presuntamente involucradas en el robo se encontrar\u00edan detenidas, mientras contin\u00faan las diligencias investigativas para esclarecer completamente lo ocurrido y determinar eventuales responsabilidades.<\/p>\n\n\n\n<p>La autoridad realiz\u00f3 un llamado a la comunidad a colaborar con la seguridad del sector, solicitando informar cualquier situaci\u00f3n o conducta sospechosa a trav\u00e9s del Fono Denuncia Municipal 800 600 100 o directamente a <strong>Carabineros de Chile<\/strong> al n\u00famero 133.<\/p>\n\n\n\n<p>Fuente y Foto Soy Puerto Montt.<\/p>\n","protected":false},"excerpt":{"rendered":"<p>El hecho ocurri\u00f3 durante la madrugada del jueves 1 de enero y las personas presuntamente involucradas se encontrar\u00edan detenidas. Un robo afect\u00f3 durante la madrugada [&hellip;]<\/p>\n","protected":false},"author":1,"featured_media":3829,"comment_status":"closed","ping_status":"closed","sticky":false,"template":"","format":"standard","meta":{"_monsterinsights_skip_tracking":false,"_monsterinsights_sitenote_active":false,"_monsterinsights_sitenote_note":"","_monsterinsights_sitenote_category":0,"footnotes":""},"categories":[27,17],"tags":[],"class_list":["post-3828","post","type-post","status-publish","format-standard","has-post-thumbnail","hentry","category-educacion","category-puerto-montt"],"_links":{"self":[{"href":"https:\/\/cooperativaredloslagos.cl\/wp-json\/wp\/v2\/posts\/3828","targetHints":{"allow":["GET"]}}],"collection":[{"href":"https:\/\/cooperativaredloslagos.cl\/wp-json\/wp\/v2\/posts"}],"about":[{"href":"https:\/\/cooperativaredloslagos.cl\/wp-json\/wp\/v2\/types\/post"}],"author":[{"embeddable":true,"href":"https:\/\/cooperativaredloslagos.cl\/wp-json\/wp\/v2\/users\/1"}],"replies":[{"embeddable":true,"href":"https:\/\/cooperativaredloslagos.cl\/wp-json\/wp\/v2\/comments?post=3828"}],"version-history":[{"count":2,"href":"https:\/\/cooperativaredloslagos.cl\/wp-json\/wp\/v2\/posts\/3828\/revisions"}],"predecessor-version":[{"id":3831,"href":"https:\/\/cooperativaredloslagos.cl\/wp-json\/wp\/v2\/posts\/3828\/revisions\/3831"}],"wp:featuredmedia":[{"embeddable":true,"href":"https:\/\/cooperativaredloslagos.cl\/wp-json\/wp\/v2\/media\/3829"}],"wp:attachment":[{"href":"https:\/\/cooperativaredloslagos.cl\/wp-json\/wp\/v2\/media?parent=3828"}],"wp:term":[{"taxonomy":"category","embeddable":true,"href":"https:\/\/cooperativaredloslagos.cl\/wp-json\/wp\/v2\/categories?post=3828"},{"taxonomy":"post_tag","embeddable":true,"href":"https:\/\/cooperativaredloslagos.cl\/wp-json\/wp\/v2\/tags?post=3828"}],"curies":[{"name":"wp","href":"https:\/\/api.w.org\/{rel}","templated":true}]}}